{"id":478088,"date":"2017-05-09T11:36:52","date_gmt":"2017-05-09T16:36:52","guid":{"rendered":"https:\/\/www.futboltotal.com.mx\/?p=478088"},"modified":"2017-05-09T11:37:44","modified_gmt":"2017-05-09T16:37:44","slug":"darwin-quintero-encabeza-lista-de-transferibles-del-america","status":"publish","type":"post","link":"http:\/\/desarrollo.grupomedios.com\/futbol\/destacado-home\/darwin-quintero-encabeza-lista-de-transferibles-del-america\/2017\/05","title":{"rendered":"Darwin Quintero encabezar\u00eda lista de transferibles del Am\u00e9rica"},"content":{"rendered":"<p>El <strong>Am\u00e9rica<\/strong> sufrir\u00e1 cambios importantes en la plantilla para el <strong>Apertura 2017<\/strong>. Pese a que aun no define la estructura deportiva y operativa y, encima, le falta negociar \u00a0con <em>Xolos<\/em> el regreso del entrenador Miguel Herrera, han comenzado a surgir algunos nombres que no estar\u00e1n en el Apertura 2017.<\/p>\n<p>De entrada, el colombiano <strong>Darwin Quintero<\/strong>, es uno de los jugadores que encabezar\u00e1 la lista de transferibles que tiene pendiente dar el club. El delantero se ir\u00e1 despu\u00e9s de cinco torneos vistiendo la camiseta <em>azulcrema<\/em>\u00a0y tras haber postergado su salida en el pasado Clausura 2017, al no haber podido encontrar equipo ni su llegada a la MLS.<\/p>\n<p style=\"text-align: center;\"><a href=\"https:\/\/www.futboltotal.com.mx\/2017\/05\/america-se-quedaria-sin-oribe-peralta-ficharia-pachuca\/\"><span style=\"color: #3366ff;\">VER M\u00c1S: Pachuca quiere a Oribe Peralta<\/span><\/a><\/p>\n<p><strong>Osmar Mares<\/strong> tampoco seguir\u00e1 en el club. El lateral ha cumplido su ciclo en Coapa y no ha sido decisivo o mostrado un nivel superlativo como para que el equipo piense en negociar una extensi\u00f3n de contrato. Le dar\u00e1n todas las facilidades para que busque acomodo en otro club y estar\u00e1\u00a0en el escaparate del pr\u00f3ximo R\u00e9gimen de Transferencias.<\/p>\n<p>De <strong>Michael Arroyo<\/strong> tambi\u00e9n hay noticias. Acaba de terminar contrato y aunque no ha sido titular indiscutible, el equipo tiene como prioridad retenerlo, seg\u00fan apunta <em>ESPN.<\/em><\/p>\n<p>Otro de los que podr\u00eda ser transferido es el delantero <strong>Silvio Romero<\/strong>. Su salida se dar\u00eda con la etiqueta de moneda de cambio para facilitar la llegada de Avil\u00e9s Hurtado, tal y como revel\u00f3 el medio citado en d\u00edas pasados.<\/p>\n<p>Por ahora estos son los nombres que suenan lejos de Coapa para el pr\u00f3ximo Apertura 2017 y solo falta que la directiva lo confirme mediante un comunicado oficial.<\/p>\n<p>&nbsp;<\/p>\n","protected":false},"excerpt":{"rendered":"<p>El delantero colombiano tendr\u00eda sus d\u00edas contados en Coapa. <\/p>\n","protected":false},"author":20,"featured_media":478094,"comment_status":"closed","ping_status":"closed","sticky":false,"template":"","format":"standard","meta":[],"categories":[5,7740,2198,3845],"tags":[5959,284],"_links":{"self":[{"href":"http:\/\/desarrollo.grupomedios.com\/futbol\/wp-json\/wp\/v2\/posts\/478088"}],"collection":[{"href":"http:\/\/desarrollo.grupomedios.com\/futbol\/wp-json\/wp\/v2\/posts"}],"about":[{"href":"http:\/\/desarrollo.grupomedios.com\/futbol\/wp-json\/wp\/v2\/types\/post"}],"author":[{"embeddable":true,"href":"http:\/\/desarrollo.grupomedios.com\/futbol\/wp-json\/wp\/v2\/users\/20"}],"replies":[{"embeddable":true,"href":"http:\/\/desarrollo.grupomedios.com\/futbol\/wp-json\/wp\/v2\/comments?post=478088"}],"version-history":[{"count":1,"href":"http:\/\/desarrollo.grupomedios.com\/futbol\/wp-json\/wp\/v2\/posts\/478088\/revisions"}],"predecessor-version":[{"id":478098,"href":"http:\/\/desarrollo.grupomedios.com\/futbol\/wp-json\/wp\/v2\/posts\/478088\/revisions\/478098"}],"wp:featuredmedia":[{"embeddable":true,"href":"http:\/\/desarrollo.grupomedios.com\/futbol\/wp-json\/wp\/v2\/media\/478094"}],"wp:attachment":[{"href":"http:\/\/desarrollo.grupomedios.com\/futbol\/wp-json\/wp\/v2\/media?parent=478088"}],"wp:term":[{"taxonomy":"category","embeddable":true,"href":"http:\/\/desarrollo.grupomedios.com\/futbol\/wp-json\/wp\/v2\/categories?post=478088"},{"taxonomy":"post_tag","embeddable":true,"href":"http:\/\/desarrollo.grupomedios.com\/futbol\/wp-json\/wp\/v2\/tags?post=478088"}],"curies":[{"name":"wp","href":"https:\/\/api.w.org\/{rel}","templated":true}]}}