{"id":478092,"date":"2017-05-09T11:35:13","date_gmt":"2017-05-09T16:35:13","guid":{"rendered":"https:\/\/www.futboltotal.com.mx\/?p=478092"},"modified":"2017-05-09T11:36:58","modified_gmt":"2017-05-09T16:36:58","slug":"faitelson-exploto-chavez-me-vale-madres-canelo-se-burlaron-ustedes","status":"publish","type":"post","link":"http:\/\/desarrollo.grupomedios.com\/futbol\/no-todo-es-futbol\/faitelson-exploto-chavez-me-vale-madres-canelo-se-burlaron-ustedes\/2017\/05","title":{"rendered":"Faitelson explot\u00f3 con Ch\u00e1vez: &#8220;Me vale mad&#8230;, se burlaron de ustedes&#8221;"},"content":{"rendered":"<p>La <span style=\"color: #333399;\"><a style=\"color: #333399;\" href=\"https:\/\/www.futboltotal.com.mx\/2017\/05\/canelo-alvarez-se-impone-a-julio-cesar-chavez\/\" target=\"_blank\">derrota de <strong>Julio C\u00e9sar Ch\u00e1vez Jr.<\/strong> ante <strong>Sa\u00fal <em>Canelo<\/em> \u00c1lvarez<\/strong><\/a><\/span> sigue dando de qu\u00e9 hablar en distintos medios de comunicaci\u00f3n, en ocasiones al grado de llegar a discusiones bastante acaloradas, tal y como pas\u00f3 con <strong>David Faitelson<\/strong> en una entrevista con <strong>Julio C\u00e9sar Ch\u00e1vez<\/strong>, padre del perdedor de la batalla.<\/p>\n<p>El periodista de la cadena ESPN se vio bastante euf\u00f3rico, asegurando que tanto <strong>Ch\u00e1vez<\/strong> como <strong>Ch\u00e1vez Jr.<\/strong> fueron v\u00edctimas de una trampa por parte de <strong><em>Canelo<\/em> \u00c1lvarez<\/strong> y el promotor <strong>\u00d3scar de la Hoya<\/strong>, por haber hecho que Julio bajara de peso para esta pelea y expusiera su estado f\u00edsico a cambio de una millonaria paga.<\/p>\n<p style=\"text-align: center;\"><a href=\"https:\/\/www.futboltotal.com.mx\/2017\/05\/chavez-a-mi-hijo-le-falto-lo-a-mi-me-sobro-en-ring\/\" target=\"_blank\"><span style=\"color: #333399;\">VER M\u00c1S: Ch\u00e1vez: &#8220;A mi hijo le falt\u00f3 lo que a m\u00ed me sobr\u00f3 en el ring&#8221;<\/span><\/a><\/p>\n<p>Durante la entrevista, Faitelson dej\u00f3 frases como &#8220;Me vale madres el dinero&#8221;, &#8220;Tu hijo no ten\u00eda argumentos para pelear con el Canelo&#8221;, &#8220;Ch\u00e1vez se present\u00f3 calav\u00e9rico al d\u00eda del pesaje&#8221; o &#8220;Cayeron en una trampa, se burlaron de ustedes&#8221;, mientras que, para sorpresa de muchos, el <em>C\u00e9sar del Boxeo<\/em> respondi\u00f3 de forma mesurada y objetiva, sin dejar pasar la oportunidad de felicitar a <strong>Sa\u00fal \u00c1lvarez<\/strong> por su victoria.<\/p>\n<p>Mira el video a partir del minuto 10:28 para escuchar la parte m\u00e1s pol\u00e9mica del programa, en la que se van calentando los \u00e1nimos y Faitelson termina explotando.<\/p>\n<p style=\"text-align: center;\"><a href=\"https:\/\/www.futboltotal.com.mx\/2017\/05\/cruz-azul-tendria-interes-en-thiago-volpi\/\" target=\"_blank\"><span style=\"color: #333399;\">VER M\u00c1S: Cruz Azul estar\u00eda interesado en contratar a Tiago Volpi<\/span><\/a><\/p>\n<p>\u00a0<iframe loading=\"lazy\" src=\"https:\/\/www.youtube.com\/embed\/5eyCPTdWihk\" frameborder=\"0\" allowfullscreen=\"allowfullscreen\"><\/iframe><\/p>\n","protected":false},"excerpt":{"rendered":"<p>El periodista asegur\u00f3 que Ch\u00e1vez y Ch\u00e1vez Jr. fueron v\u00edctimas de Canelo \u00c1lvarez y De la Hoya.<\/p>\n","protected":false},"author":20,"featured_media":478093,"comment_status":"closed","ping_status":"closed","sticky":false,"template":"","format":"standard","meta":[],"categories":[6282,5419,5418,6411],"tags":[5936,5934,6501,7820,8271,8004],"_links":{"self":[{"href":"http:\/\/desarrollo.grupomedios.com\/futbol\/wp-json\/wp\/v2\/posts\/478092"}],"collection":[{"href":"http:\/\/desarrollo.grupomedios.com\/futbol\/wp-json\/wp\/v2\/posts"}],"about":[{"href":"http:\/\/desarrollo.grupomedios.com\/futbol\/wp-json\/wp\/v2\/types\/post"}],"author":[{"embeddable":true,"href":"http:\/\/desarrollo.grupomedios.com\/futbol\/wp-json\/wp\/v2\/users\/20"}],"replies":[{"embeddable":true,"href":"http:\/\/desarrollo.grupomedios.com\/futbol\/wp-json\/wp\/v2\/comments?post=478092"}],"version-history":[{"count":1,"href":"http:\/\/desarrollo.grupomedios.com\/futbol\/wp-json\/wp\/v2\/posts\/478092\/revisions"}],"predecessor-version":[{"id":478095,"href":"http:\/\/desarrollo.grupomedios.com\/futbol\/wp-json\/wp\/v2\/posts\/478092\/revisions\/478095"}],"wp:featuredmedia":[{"embeddable":true,"href":"http:\/\/desarrollo.grupomedios.com\/futbol\/wp-json\/wp\/v2\/media\/478093"}],"wp:attachment":[{"href":"http:\/\/desarrollo.grupomedios.com\/futbol\/wp-json\/wp\/v2\/media?parent=478092"}],"wp:term":[{"taxonomy":"category","embeddable":true,"href":"http:\/\/desarrollo.grupomedios.com\/futbol\/wp-json\/wp\/v2\/categories?post=478092"},{"taxonomy":"post_tag","embeddable":true,"href":"http:\/\/desarrollo.grupomedios.com\/futbol\/wp-json\/wp\/v2\/tags?post=478092"}],"curies":[{"name":"wp","href":"https:\/\/api.w.org\/{rel}","templated":true}]}}