{"id":478099,"date":"2017-05-09T12:19:42","date_gmt":"2017-05-09T17:19:42","guid":{"rendered":"https:\/\/www.futboltotal.com.mx\/?p=478099"},"modified":"2017-05-09T12:23:10","modified_gmt":"2017-05-09T17:23:10","slug":"golazo-alan-pulido-habria-festejado-la-copa-mx-bella-conductora","status":"publish","type":"post","link":"http:\/\/desarrollo.grupomedios.com\/futbol\/futbol-mexicano\/golazo-alan-pulido-habria-festejado-la-copa-mx-bella-conductora\/2017\/05","title":{"rendered":"\u00a1Go-la-zo! Pulido habr\u00eda festejado la Copa MX con bella conductora"},"content":{"rendered":"<p>Luego de unas semanas de que <strong>Chivas<\/strong> se coronara campe\u00f3n de la <strong>Copa MX<\/strong> luego de vencer en penales al <strong>Morelia<\/strong>, los ecos sobre el festejo rojiblanco siguen latentes y apuntan al delantero <strong>Alan Pulido<\/strong>, quien habr\u00eda celebrado el t\u00edtulo\u00a0sin limitaciones y en la compa\u00f1\u00eda de una escultural conductora de televisi\u00f3n.<\/p>\n<p>Seg\u00fan informaci\u00f3n de la revista TV Notas, Alan reserv\u00f3 la zona VIP de un famoso antro de Guadalajara, donde fue acompa\u00f1ado por su c\u00edrculo cercano de amigos y un grupo de bellas mujeres, incluida la conductora <strong>Grette Dur\u00e1n<\/strong>, con quien llevar\u00eda el festejo a un lugar m\u00e1s \u00edntimo.<\/p>\n<p style=\"text-align: center;\"><a href=\"https:\/\/www.futboltotal.com.mx\/2017\/05\/darwin-quintero-encabeza-lista-de-transferibles-del-america\/\" target=\"_blank\"><span style=\"color: #333399;\">VER M\u00c1S: Darwin Quintero encabezar\u00eda lista de transferibles del Am\u00e9rica<\/span><\/a><\/p>\n<p>&#8220;Llegaron a las 11 de la noche y se fueron hasta las siete de la ma\u00f1ana. Despu\u00e9s de pagar 50 mil pesos de cuenta, Alan se llev\u00f3 a Grette a un hotel y se dieron un encerr\u00f3n de los buenos; son encuentros casuales y los dos se divierten. \u00c9l es un hombre muy espl\u00e9ndido y sabe pagar muy bien las buenas compa\u00f1\u00edas&#8221;, declar\u00f3 la fuente citada por TV Notas.<\/p>\n<p>La pareja ya tiene una historia en conjunto, siendo Grette la aparente causa del pasado rompimiento con Ileana Salas, ex prometida de Pulido que habr\u00eda descubierto una infidelidad.<\/p>\n<p style=\"text-align: center;\"><a href=\"https:\/\/www.futboltotal.com.mx\/2017\/05\/conductor-no-sabia-estaba-en-vivo-aseguro-esposa-productor-yo-me-la-cogia\/\" target=\"_blank\"><span style=\"color: #333399;\">VER M\u00c1S: Conductor no sab\u00eda que estaba en vivo y asegur\u00f3: &#8220;Yo me la cog&#8230;&#8221;<\/span><\/a><\/p>\n<p>&nbsp;<\/p>\n<blockquote class=\"instagram-media\" style=\"background: #FFF; border: 0; border-radius: 3px; box-shadow: 0 0 1px 0 rgba(0,0,0,0.5),0 1px 10px 0 rgba(0,0,0,0.15); margin: 1px; max-width: 658px; padding: 0; width: calc(100% - 2px);\" data-instgrm-captioned=\"\" data-instgrm-version=\"7\">\n<div style=\"padding: 8px;\">\n<div style=\"background: #F8F8F8; line-height: 0; margin-top: 40px; padding: 62.4537037037037% 0; text-align: center; width: 100%;\"><\/div>\n<p style=\"margin: 8px 0 0 0; padding: 0 4px;\"><a style=\"color: #000; font-family: Arial,sans-serif; font-size: 14px; font-style: normal; font-weight: normal; line-height: 17px; text-decoration: none; word-wrap: break-word;\" href=\"https:\/\/www.instagram.com\/p\/BPehAXKBTG7\/\" target=\"_blank\">#&#x1f471;&#x1f3fb;\u200d\u2640\ufe0f#ahi #voy #con #esfuerzo #dedicaci\u00f3n #disciplina # &#x1f4aa;&#x1f3fb;&#x1f44a;&#x1f3fb;<\/a><\/p>\n<p style=\"color: #c9c8cd; font-family: Arial,sans-serif; font-size: 14px; line-height: 17px; margin-bottom: 0; margin-top: 8px; overflow: hidden; padding: 8px 0 7px; text-align: center; text-overflow: ellipsis; white-space: nowrap;\">A post shared by G_dolly&#x1f380;&#x1f451;\u221e (@grettedolly) on <time style=\"font-family: Arial,sans-serif; font-size: 14px; line-height: 17px;\" datetime=\"2017-01-20T06:52:47+00:00\">Jan 19, 2017 at 10:52pm PST<\/time><\/p>\n<\/div>\n<\/blockquote>\n<p><script async defer src=\"\/\/platform.instagram.com\/en_US\/embeds.js\"><\/script><\/p>\n<p style=\"text-align: left;\">&#8220;\u00c9l siempre la ha invitado a sus fiestas, viajes y parrandas, digamos que ella es su incondicional, si \u00e9l le pide que la acompa\u00f1e a tal lugar, lo hace, hay mucha qu\u00edmica entre ellos, pero sin compromiso; ella puede hacer su vida aparte y \u00e9l tambi\u00e9n&#8221;<\/p>\n<p>&#8220;Se la pas\u00f3 con <strong>Grette<\/strong>, ella es la de caj\u00f3n, son amigos con derechos, e incluso desde que \u00e9l ten\u00eda novia, fue ella la tercera en discordia en la relaci\u00f3n con <strong>Ileana Salas<\/strong>, con la que \u00e9l se iba a casar y quien le cach\u00f3 mensajes subidos de tono, y hasta fotograf\u00edas \u00edntimas que se mandaban&#8221;, a\u00f1adi\u00f3 la fuente.<\/p>\n<p style=\"text-align: center;\"><a href=\"https:\/\/www.futboltotal.com.mx\/2017\/05\/faitelson-exploto-chavez-me-vale-madres-canelo-se-burlaron-ustedes\/\" target=\"_blank\"><span style=\"color: #333399;\">VER M\u00c1S: Faitelson explot\u00f3 con Ch\u00e1vez: &#8220;Me vale mad&#8230;, se burlaron de ustedes&#8221;<\/span><\/a><\/p>\n","protected":false},"excerpt":{"rendered":"<p>Al parecer, Alan Pulido habr\u00eda tenido un encuentro \u00edntimo con la conductora Grette Dur\u00e1n.<\/p>\n","protected":false},"author":20,"featured_media":473421,"comment_status":"closed","ping_status":"closed","sticky":false,"template":"","format":"standard","meta":[],"categories":[5419,4247,2198],"tags":[1607,70,285,8574],"_links":{"self":[{"href":"http:\/\/desarrollo.grupomedios.com\/futbol\/wp-json\/wp\/v2\/posts\/478099"}],"collection":[{"href":"http:\/\/desarrollo.grupomedios.com\/futbol\/wp-json\/wp\/v2\/posts"}],"about":[{"href":"http:\/\/desarrollo.grupomedios.com\/futbol\/wp-json\/wp\/v2\/types\/post"}],"author":[{"embeddable":true,"href":"http:\/\/desarrollo.grupomedios.com\/futbol\/wp-json\/wp\/v2\/users\/20"}],"replies":[{"embeddable":true,"href":"http:\/\/desarrollo.grupomedios.com\/futbol\/wp-json\/wp\/v2\/comments?post=478099"}],"version-history":[{"count":4,"href":"http:\/\/desarrollo.grupomedios.com\/futbol\/wp-json\/wp\/v2\/posts\/478099\/revisions"}],"predecessor-version":[{"id":478104,"href":"http:\/\/desarrollo.grupomedios.com\/futbol\/wp-json\/wp\/v2\/posts\/478099\/revisions\/478104"}],"wp:featuredmedia":[{"embeddable":true,"href":"http:\/\/desarrollo.grupomedios.com\/futbol\/wp-json\/wp\/v2\/media\/473421"}],"wp:attachment":[{"href":"http:\/\/desarrollo.grupomedios.com\/futbol\/wp-json\/wp\/v2\/media?parent=478099"}],"wp:term":[{"taxonomy":"category","embeddable":true,"href":"http:\/\/desarrollo.grupomedios.com\/futbol\/wp-json\/wp\/v2\/categories?post=478099"},{"taxonomy":"post_tag","embeddable":true,"href":"http:\/\/desarrollo.grupomedios.com\/futbol\/wp-json\/wp\/v2\/tags?post=478099"}],"curies":[{"name":"wp","href":"https:\/\/api.w.org\/{rel}","templated":true}]}}