{"id":478108,"date":"2017-05-09T14:09:59","date_gmt":"2017-05-09T19:09:59","guid":{"rendered":"https:\/\/www.futboltotal.com.mx\/?p=478108"},"modified":"2017-05-09T14:09:59","modified_gmt":"2017-05-09T19:09:59","slug":"11-ideal-historico-jaguares-chiapas-en-primera-division","status":"publish","type":"post","link":"http:\/\/desarrollo.grupomedios.com\/futbol\/futbol-mexicano\/11-ideal-historico-jaguares-chiapas-en-primera-division\/2017\/05","title":{"rendered":"El 11 ideal hist\u00f3rico de Chiapas en Primera Divisi\u00f3n"},"content":{"rendered":"<p>El pasado fin de semana, los <strong>Jaguares de Chiapas<\/strong> dijeron adi\u00f3s a la Primera Divisi\u00f3n de la Liga MX luego de que Morelia venciera a Monterrey y se combinaran los resultados para que el equipo de la selva perdiera la categor\u00eda.<\/p>\n<p>Desde 2002, a\u00f1o en el que aparecieron por primera vez en la divisi\u00f3n de honor en M\u00e9xico, Chiapas hab\u00eda sobrevivido con regulares campa\u00f1as dentro de la Liga MX gracias una serie de jugadores que se fueron convirtiendo en \u00eddolos y que forjaron la poca historia que tiene el club.<\/p>\n<p>Es por ello que en <strong>Futbol Total<\/strong>, aprovechamos para presentarte<strong> El 11 ideal hist\u00f3rico de Jaguares de Chiapas en Primera Divisi\u00f3n<\/strong>.<\/p>\n<p style=\"text-align: center;\"><span style=\"color: #3366ff;\"><a style=\"color: #3366ff;\" href=\"https:\/\/www.futboltotal.com.mx\/2017\/05\/cruz-azul-tendria-interes-en-thiago-volpi\/\">VER M\u00c1S: Cruz Azul estar\u00eda interesado en contratar a Thiago Volpi<\/a><\/span><\/p>\n<p style=\"text-align: center;\"><a href=\"https:\/\/www.futboltotal.com.mx\/wp-content\/uploads\/2017\/05\/11-ideal-jaguares-chiapas-primera-division.jpg\"><img decoding=\"async\" loading=\"lazy\" class=\"alignnone size-full wp-image-478110\" src=\"https:\/\/www.futboltotal.com.mx\/wp-content\/uploads\/2017\/05\/11-ideal-jaguares-chiapas-primera-division.jpg\" alt=\"El 11 ideal hist\u00f3rico de Chiapas en Primera Divisi\u00f3n 0\" srcset=\"http:\/\/desarrollo.grupomedios.com\/futbol\/wp-content\/uploads\/2017\/05\/11-ideal-jaguares-chiapas-primera-division.jpg 858w, http:\/\/desarrollo.grupomedios.com\/futbol\/wp-content\/uploads\/2017\/05\/11-ideal-jaguares-chiapas-primera-division-213x300.jpg 213w, http:\/\/desarrollo.grupomedios.com\/futbol\/wp-content\/uploads\/2017\/05\/11-ideal-jaguares-chiapas-primera-division-768x1083.jpg 768w, http:\/\/desarrollo.grupomedios.com\/futbol\/wp-content\/uploads\/2017\/05\/11-ideal-jaguares-chiapas-primera-division-726x1024.jpg 726w\" sizes=\"(max-width: 858px) 100vw, 858px\" \/><\/a><\/p>\n<p><script type=\"text\/javascript\" src=\"\/\/cdn.playbuzz.com\/widget\/feed.js\"><\/script><\/p>\n<div class=\"pb_feed\" data-embed-by=\"d43f3879-83ed-40bc-99d7-fde80605466f\" data-item=\"0bd1c09f-a321-41c4-a5cb-4d59e2540569\" data-recommend=\"false\" data-game-info=\"false\" data-comments=\"false\" data-shares=\"false\"><\/div>\n","protected":false},"excerpt":{"rendered":"<p>Estos jugadores marcaron la breve historia del club.<\/p>\n","protected":false},"author":20,"featured_media":478126,"comment_status":"closed","ping_status":"closed","sticky":false,"template":"","format":"standard","meta":[],"categories":[7570,2198,3845],"tags":[5964,64],"_links":{"self":[{"href":"http:\/\/desarrollo.grupomedios.com\/futbol\/wp-json\/wp\/v2\/posts\/478108"}],"collection":[{"href":"http:\/\/desarrollo.grupomedios.com\/futbol\/wp-json\/wp\/v2\/posts"}],"about":[{"href":"http:\/\/desarrollo.grupomedios.com\/futbol\/wp-json\/wp\/v2\/types\/post"}],"author":[{"embeddable":true,"href":"http:\/\/desarrollo.grupomedios.com\/futbol\/wp-json\/wp\/v2\/users\/20"}],"replies":[{"embeddable":true,"href":"http:\/\/desarrollo.grupomedios.com\/futbol\/wp-json\/wp\/v2\/comments?post=478108"}],"version-history":[{"count":1,"href":"http:\/\/desarrollo.grupomedios.com\/futbol\/wp-json\/wp\/v2\/posts\/478108\/revisions"}],"predecessor-version":[{"id":478127,"href":"http:\/\/desarrollo.grupomedios.com\/futbol\/wp-json\/wp\/v2\/posts\/478108\/revisions\/478127"}],"wp:featuredmedia":[{"embeddable":true,"href":"http:\/\/desarrollo.grupomedios.com\/futbol\/wp-json\/wp\/v2\/media\/478126"}],"wp:attachment":[{"href":"http:\/\/desarrollo.grupomedios.com\/futbol\/wp-json\/wp\/v2\/media?parent=478108"}],"wp:term":[{"taxonomy":"category","embeddable":true,"href":"http:\/\/desarrollo.grupomedios.com\/futbol\/wp-json\/wp\/v2\/categories?post=478108"},{"taxonomy":"post_tag","embeddable":true,"href":"http:\/\/desarrollo.grupomedios.com\/futbol\/wp-json\/wp\/v2\/tags?post=478108"}],"curies":[{"name":"wp","href":"https:\/\/api.w.org\/{rel}","templated":true}]}}