{"id":478109,"date":"2017-05-09T13:10:19","date_gmt":"2017-05-09T18:10:19","guid":{"rendered":"https:\/\/www.futboltotal.com.mx\/?p=478109"},"modified":"2017-05-09T13:10:19","modified_gmt":"2017-05-09T18:10:19","slug":"simeone-atletico-confian-en-la-remontada","status":"publish","type":"post","link":"http:\/\/desarrollo.grupomedios.com\/futbol\/futbol-internacional\/simeone-atletico-confian-en-la-remontada\/2017\/05","title":{"rendered":"Simeone y el Atl\u00e9tico conf\u00edan en la remontada"},"content":{"rendered":"<p>El entrenador argentino\u00a0<strong>Diego Simeone\u00a0<\/strong>no da por muerto al <strong>Atl\u00e9tico de Madrid\u00a0<\/strong>en las semifinales de Champions League. Sabe que necesita un partido perfecto para sobreponerse a un contundente 3-0 ante el Real Madrid y por ello apela a la filosof\u00eda del club para conseguir \u00a0la gesta: &#8220;Esto es el Atl\u00e9tico y nunca hay que dejar de creer&#8221;.<\/p>\n<blockquote><p>&#8220;Ma\u00f1ana hay que defender bien para estar muchos m\u00e1s minutos dentro del partido y todo lo que sea defender bien y estar dentro del partido nos va a dar opciones para ir minuto a minuto, segundo a segundo, en busca de lo que queremos, que es pasar la eliminatoria&#8221;, dijo el t\u00e9cnico, ante el 3-0 en contra de la ida.<\/p>\n<p style=\"text-align: center;\"><span style=\"color: #3366ff;\">VER M\u00c1S: Todas las noticias de futbol internacional<\/span><\/p>\n<\/blockquote>\n<p><strong>Simeone<\/strong> remarc\u00f3 tambi\u00e9n la confianza en su equipo y en sus futbolistas y la trascendencia de lo emocional en unas semifinales y con la necesidad de una remontada.<\/p>\n<blockquote><p>&#8220;Sinceramente, creo que si necesito motivar a los jugadores para el partido de ma\u00f1ana me tendr\u00eda que ir directamente del club. La motivaci\u00f3n aparece solamente con levantarse por la ma\u00f1ana y empezar a intuir todo lo que hay por delante por jugar. Tenemos un rival important\u00edsimo que nos ha ganado 3-0 en su casa, 0-3 en la Liga en la primera vuelta y dos finales, una por penaltis y otra empat\u00e1ndonos en el minuto 93. Es un lindo desaf\u00edo&#8221;, destac\u00f3.<\/p>\n<p>&#8220;Est\u00e1 claro que nuestra aspiraci\u00f3n es empezar el partido fuerte, como todos los equipos que juegan en casa. Lo emocional, si tiene un equilibrio desde lo futbol\u00edstico, es el mejor camino para hacer un gran partido. Est\u00e1 claro que lo emocional tiene que estar. No quisiera ver a ning\u00fan jugador m\u00edo que no sienta el partido emocionalmente como el ambiente, la semifinal y el partido lo pide, pero es un partido de f\u00fatbol y hay que jugar a la pelota&#8221;, expuso.<\/p><\/blockquote>\n<p>\u00bfPrepara algo distinto en su equipo para el choque? le preguntaron. El <em>Cholo<\/em> respondi\u00f3:\u00a0&#8220;Estamos viendo la evoluci\u00f3n de Juanfran, la buena evoluci\u00f3n de Gim\u00e9nez, la mejora de Gameiro, que tambi\u00e9n arrastra problemas, y Carrasco ya est\u00e1 bien de la espalda&#8221;.<\/p>\n<blockquote><p>&#8220;Nosotros confiamos en lo que nosotros somos capaces de hacer. Conf\u00edo much\u00edsimo en mis futbolistas, los conozco desde hace cinco a\u00f1os y medio a la mayor\u00eda y no tengo ninguna duda de que ma\u00f1ana van a hacer un buen partido&#8221;, estableci\u00f3.<\/p>\n<p>&nbsp;<\/p><\/blockquote>\n<p>&nbsp;<\/p>\n","protected":false},"excerpt":{"rendered":"<p>El Cholo asegur\u00f3 que los Rojiblancos dejaran la piel en el campo hasta el \u00faltimo segundo. <\/p>\n","protected":false},"author":20,"featured_media":478116,"comment_status":"closed","ping_status":"closed","sticky":false,"template":"","format":"standard","meta":[],"categories":[3841,3839],"tags":[2047,36],"_links":{"self":[{"href":"http:\/\/desarrollo.grupomedios.com\/futbol\/wp-json\/wp\/v2\/posts\/478109"}],"collection":[{"href":"http:\/\/desarrollo.grupomedios.com\/futbol\/wp-json\/wp\/v2\/posts"}],"about":[{"href":"http:\/\/desarrollo.grupomedios.com\/futbol\/wp-json\/wp\/v2\/types\/post"}],"author":[{"embeddable":true,"href":"http:\/\/desarrollo.grupomedios.com\/futbol\/wp-json\/wp\/v2\/users\/20"}],"replies":[{"embeddable":true,"href":"http:\/\/desarrollo.grupomedios.com\/futbol\/wp-json\/wp\/v2\/comments?post=478109"}],"version-history":[{"count":1,"href":"http:\/\/desarrollo.grupomedios.com\/futbol\/wp-json\/wp\/v2\/posts\/478109\/revisions"}],"predecessor-version":[{"id":478117,"href":"http:\/\/desarrollo.grupomedios.com\/futbol\/wp-json\/wp\/v2\/posts\/478109\/revisions\/478117"}],"wp:featuredmedia":[{"embeddable":true,"href":"http:\/\/desarrollo.grupomedios.com\/futbol\/wp-json\/wp\/v2\/media\/478116"}],"wp:attachment":[{"href":"http:\/\/desarrollo.grupomedios.com\/futbol\/wp-json\/wp\/v2\/media?parent=478109"}],"wp:term":[{"taxonomy":"category","embeddable":true,"href":"http:\/\/desarrollo.grupomedios.com\/futbol\/wp-json\/wp\/v2\/categories?post=478109"},{"taxonomy":"post_tag","embeddable":true,"href":"http:\/\/desarrollo.grupomedios.com\/futbol\/wp-json\/wp\/v2\/tags?post=478109"}],"curies":[{"name":"wp","href":"https:\/\/api.w.org\/{rel}","templated":true}]}}