{"id":478122,"date":"2017-05-09T14:00:36","date_gmt":"2017-05-09T19:00:36","guid":{"rendered":"https:\/\/www.futboltotal.com.mx\/?p=478122"},"modified":"2017-05-09T14:00:36","modified_gmt":"2017-05-09T19:00:36","slug":"cristiano-ronaldo-bella-novia-se-divierten-en-bikini","status":"publish","type":"post","link":"http:\/\/desarrollo.grupomedios.com\/futbol\/futbol-internacional\/cristiano-ronaldo-bella-novia-se-divierten-en-bikini\/2017\/05","title":{"rendered":"Cristiano Ronaldo y su bella novia se relajan y lucen bikini"},"content":{"rendered":"<p>De cara al partido de vuelta del <strong>Real Madrid<\/strong> ante <strong>Atl\u00e9tico de Madrid<\/strong> en las semifinales de la <strong>Champions League<\/strong>, el astro portugu\u00e9s <strong>Cristiano Ronaldo<\/strong> decidi\u00f3 tomarse un descanso en compa\u00f1\u00eda de su hermosa novia, <strong>Georgina Rodr\u00edguez<\/strong>, y viajar a <strong>Ibiza<\/strong>.<\/p>\n<p>La medi\u00e1tica pareja fue captada vistiendo diminutos bikinis y luciendo sus esculturales figuras, lo que no pas\u00f3 inadvertido por los pararazzi que aparecieron en el lujoso hotel donde se hospedaron.<\/p>\n<p style=\"text-align: center;\"><a href=\"https:\/\/www.futboltotal.com.mx\/2017\/05\/faitelson-exploto-chavez-me-vale-madres-canelo-se-burlaron-ustedes\/\" target=\"_blank\"><span style=\"color: #333399;\">VER M\u00c1S: Faitelson explot\u00f3 con Ch\u00f1avez: &#8220;Me vale mad&#8230;, se burlaron de ustedes&#8221;<\/span><\/a><\/p>\n<p>Despu\u00e9s de este momento de relajaci\u00f3n por el que opt\u00f3<strong><em> CR7<\/em><\/strong>, la duda es si un descansado <strong>Cristiano<\/strong> podr\u00e1 repetir en la vuelta la gran actuaci\u00f3n que dio ante los Colchoneros en la ida, donde marc\u00f3 un triplete.<\/p>\n<p>&nbsp;<\/p>\n<blockquote class=\"instagram-media\" style=\"background: #FFF; border: 0; border-radius: 3px; box-shadow: 0 0 1px 0 rgba(0,0,0,0.5),0 1px 10px 0 rgba(0,0,0,0.15); margin: 1px; max-width: 658px; padding: 0; width: calc(100% - 2px);\" data-instgrm-captioned=\"\" data-instgrm-version=\"7\">\n<div style=\"padding: 8px;\">\n<div style=\"background: #F8F8F8; line-height: 0; margin-top: 40px; padding: 50% 0; text-align: center; width: 100%;\"><\/div>\n<p style=\"margin: 8px 0 0 0; padding: 0 4px;\"><a style=\"color: #000; font-family: Arial,sans-serif; font-size: 14px; font-style: normal; font-weight: normal; line-height: 17px; text-decoration: none; word-wrap: break-word;\" href=\"https:\/\/www.instagram.com\/p\/BT2POR4AVR0\/\" target=\"_blank\">@Cristiano #Ronaldo &amp; #GeorginaRodriguez ( @georginagio) in #Ibiza last #weekend &#x1f334;&#x1f3ca;&#x1f3fd;The couple jetted over to Ibiza on a private jet and posted up at a pool at a very expensive #luxuryresort &#8212; each wearing very tiny bathing suits.\/\/ #paparazzi #cristianoronaldo #cristiano #cr7 #sun #wags #realmadridfamily #realmadridwags #luxury #luxurulife #luxurypool<\/a><\/p>\n<p style=\"color: #c9c8cd; font-family: Arial,sans-serif; font-size: 14px; line-height: 17px; margin-bottom: 0; margin-top: 8px; overflow: hidden; padding: 8px 0 7px; text-align: center; text-overflow: ellipsis; white-space: nowrap;\">A post shared by Cristiano Ronaldo Lovers (@cristiano_ronaldo_lovers_cr7) on <time style=\"font-family: Arial,sans-serif; font-size: 14px; line-height: 17px;\" datetime=\"2017-05-08T22:04:45+00:00\">May 8, 2017 at 3:04pm PDT<\/time><\/p>\n<\/div>\n<\/blockquote>\n<p><script async defer src=\"\/\/platform.instagram.com\/en_US\/embeds.js\"><\/script><\/p>\n","protected":false},"excerpt":{"rendered":"<p>Cristiano fue captado junto a su novia, Georgina Rodr\u00edguez, tomando un descanso en Ibiza.<\/p>\n","protected":false},"author":20,"featured_media":468072,"comment_status":"closed","ping_status":"closed","sticky":false,"template":"","format":"standard","meta":[],"categories":[5419,3839,3844],"tags":[739,1496,6013,5988],"_links":{"self":[{"href":"http:\/\/desarrollo.grupomedios.com\/futbol\/wp-json\/wp\/v2\/posts\/478122"}],"collection":[{"href":"http:\/\/desarrollo.grupomedios.com\/futbol\/wp-json\/wp\/v2\/posts"}],"about":[{"href":"http:\/\/desarrollo.grupomedios.com\/futbol\/wp-json\/wp\/v2\/types\/post"}],"author":[{"embeddable":true,"href":"http:\/\/desarrollo.grupomedios.com\/futbol\/wp-json\/wp\/v2\/users\/20"}],"replies":[{"embeddable":true,"href":"http:\/\/desarrollo.grupomedios.com\/futbol\/wp-json\/wp\/v2\/comments?post=478122"}],"version-history":[{"count":1,"href":"http:\/\/desarrollo.grupomedios.com\/futbol\/wp-json\/wp\/v2\/posts\/478122\/revisions"}],"predecessor-version":[{"id":478125,"href":"http:\/\/desarrollo.grupomedios.com\/futbol\/wp-json\/wp\/v2\/posts\/478122\/revisions\/478125"}],"wp:featuredmedia":[{"embeddable":true,"href":"http:\/\/desarrollo.grupomedios.com\/futbol\/wp-json\/wp\/v2\/media\/468072"}],"wp:attachment":[{"href":"http:\/\/desarrollo.grupomedios.com\/futbol\/wp-json\/wp\/v2\/media?parent=478122"}],"wp:term":[{"taxonomy":"category","embeddable":true,"href":"http:\/\/desarrollo.grupomedios.com\/futbol\/wp-json\/wp\/v2\/categories?post=478122"},{"taxonomy":"post_tag","embeddable":true,"href":"http:\/\/desarrollo.grupomedios.com\/futbol\/wp-json\/wp\/v2\/tags?post=478122"}],"curies":[{"name":"wp","href":"https:\/\/api.w.org\/{rel}","templated":true}]}}