{"id":478131,"date":"2017-05-09T14:46:32","date_gmt":"2017-05-09T19:46:32","guid":{"rendered":"https:\/\/www.futboltotal.com.mx\/?p=478131"},"modified":"2017-05-09T14:46:32","modified_gmt":"2017-05-09T19:46:32","slug":"moi-munoz-sospecha-amano-contra-jaguares","status":"publish","type":"post","link":"http:\/\/desarrollo.grupomedios.com\/futbol\/videos\/moi-munoz-sospecha-amano-contra-jaguares\/2017\/05","title":{"rendered":"\u00a1Moi Mu\u00f1oz sospecha de ama\u00f1o contra Jaguares!"},"content":{"rendered":"<p>El portero de<strong> Chiapas<\/strong>, <strong>Mois\u00e9s Mu\u00f1oz<\/strong>, sorprendi\u00f3 con una declaraci\u00f3n tras consumarse el descenso del<em> Jaguar<\/em> al Ascenso MX, pues le pareci\u00f3 sospechoso que Pumas y Monterrey perdieran como lo hicieron, ante Monarcas en las \u00faltimas dos jornadas. La opini\u00f3n del cancerbero no gener\u00f3 mucho eco durante el fin de semana, pero el comentarista Gerardo Vel\u00e1zquez de Le\u00f3n decidi\u00f3 recatarla y compartira en redes sociales.<\/p>\n<p style=\"text-align: center;\"><span style=\"color: #3366ff;\"><a style=\"color: #3366ff;\" href=\"https:\/\/www.futboltotal.com.mx\/2017\/05\/senalan-al-mexicano-raul-gudino-posible-amano-partidos\/\" target=\"_blank\"><strong>VER M\u00c1S: Portero mexicano es se\u00f1alado de ama\u00f1o<\/strong><\/a><\/span><\/p>\n<blockquote class=\"twitter-video\" data-lang=\"es\">\n<p dir=\"ltr\" lang=\"es\">Aqu\u00ed la declaraci\u00f3n de Mois\u00e9s Mu\u00f1oz donde sospecha de la honorabilidad y limpieza del f\u00fatbol mexicano <a href=\"https:\/\/t.co\/3ojcFbW6p1\">pic.twitter.com\/3ojcFbW6p1<\/a><\/p>\n<p>\u2014 Gerardo Velazquez de (@gvlo2008) <a href=\"https:\/\/twitter.com\/gvlo2008\/status\/861953819432947712\">9 de mayo de 2017<\/a><\/p><\/blockquote>\n<p><script async src=\"\/\/platform.twitter.com\/widgets.js\" charset=\"utf-8\"><\/script><\/p>\n<p>S\u00edguenos en Twitter: <a href=\"https:\/\/twitter.com\/MXFutbolTotal\" target=\"_blank\">@MXFutbolTotal<\/a><\/p>\n","protected":false},"excerpt":{"rendered":"<p>El cancerbero cree que varios equipos colaboraron para el descenso de Chiapas.<\/p>\n","protected":false},"author":20,"featured_media":478135,"comment_status":"closed","ping_status":"closed","sticky":false,"template":"","format":"standard","meta":[],"categories":[2198,3845,4,6433],"tags":[5964,635],"_links":{"self":[{"href":"http:\/\/desarrollo.grupomedios.com\/futbol\/wp-json\/wp\/v2\/posts\/478131"}],"collection":[{"href":"http:\/\/desarrollo.grupomedios.com\/futbol\/wp-json\/wp\/v2\/posts"}],"about":[{"href":"http:\/\/desarrollo.grupomedios.com\/futbol\/wp-json\/wp\/v2\/types\/post"}],"author":[{"embeddable":true,"href":"http:\/\/desarrollo.grupomedios.com\/futbol\/wp-json\/wp\/v2\/users\/20"}],"replies":[{"embeddable":true,"href":"http:\/\/desarrollo.grupomedios.com\/futbol\/wp-json\/wp\/v2\/comments?post=478131"}],"version-history":[{"count":1,"href":"http:\/\/desarrollo.grupomedios.com\/futbol\/wp-json\/wp\/v2\/posts\/478131\/revisions"}],"predecessor-version":[{"id":478133,"href":"http:\/\/desarrollo.grupomedios.com\/futbol\/wp-json\/wp\/v2\/posts\/478131\/revisions\/478133"}],"wp:featuredmedia":[{"embeddable":true,"href":"http:\/\/desarrollo.grupomedios.com\/futbol\/wp-json\/wp\/v2\/media\/478135"}],"wp:attachment":[{"href":"http:\/\/desarrollo.grupomedios.com\/futbol\/wp-json\/wp\/v2\/media?parent=478131"}],"wp:term":[{"taxonomy":"category","embeddable":true,"href":"http:\/\/desarrollo.grupomedios.com\/futbol\/wp-json\/wp\/v2\/categories?post=478131"},{"taxonomy":"post_tag","embeddable":true,"href":"http:\/\/desarrollo.grupomedios.com\/futbol\/wp-json\/wp\/v2\/tags?post=478131"}],"curies":[{"name":"wp","href":"https:\/\/api.w.org\/{rel}","templated":true}]}}