{"id":478151,"date":"2017-06-03T22:10:02","date_gmt":"2017-06-04T03:10:02","guid":{"rendered":"https:\/\/www.futboltotal.com.mx\/?p=478151"},"modified":"2017-06-03T22:37:49","modified_gmt":"2017-06-04T03:37:49","slug":"futbol-estufa-rumores-y-fichajes-rumbo-al-apertura-2017-la-liga-mx","status":"publish","type":"post","link":"http:\/\/desarrollo.grupomedios.com\/futbol\/futbol-mexicano\/futbol-estufa-rumores-y-fichajes-rumbo-al-apertura-2017-la-liga-mx\/2017\/06","title":{"rendered":"FUTBOL DE ESTUFA | Apertura 2017 de la Liga MX"},"content":{"rendered":"<p>En la agon\u00eda del Clausura 2017 y los clubes\u00a0de la <strong>Liga MX\u00a0<\/strong>ya piensan en c\u00f3mo reforzarse para el pr\u00f3ximo\u00a0<strong>Apertura\u00a02017<\/strong>. Adem\u00e1s de las listas de transferibles que faltan por darse a conocer, ya hay varios nombres vinculados con diversos clubes.<\/p>\n<p>De cara al <strong>Apertura\u00a02017<\/strong>, Futbol Total har\u00e1 marca personal a los equipos y en nuestro <strong>FUTBOL DE ESTUFA<\/strong>\u00a0te informaremos de\u00a0los rumores, as\u00ed como las altas\u00a0y\u00a0bajas\u00a0oficiales de cada uno de ellos.<\/p>\n<p><strong><span style=\"color: #ff0000;\">Futbol de Estufa<\/span><\/strong> |\u00a0<strong>Clausura\u00a02017<\/strong><\/p>\n<p><a href=\"https:\/\/www.futboltotal.com.mx\/wp-content\/uploads\/2017\/05\/ame.jpg\"><img decoding=\"async\" loading=\"lazy\" class=\"alignnone size-full wp-image-478169\" src=\"https:\/\/www.futboltotal.com.mx\/wp-content\/uploads\/2017\/05\/ame.jpg\" alt=\"FUTBOL DE ESTUFA | Apertura 2017 de la Liga MX 0\" srcset=\"http:\/\/desarrollo.grupomedios.com\/futbol\/wp-content\/uploads\/2017\/05\/ame.jpg 1136w, http:\/\/desarrollo.grupomedios.com\/futbol\/wp-content\/uploads\/2017\/05\/ame-300x40.jpg 300w, http:\/\/desarrollo.grupomedios.com\/futbol\/wp-content\/uploads\/2017\/05\/ame-768x101.jpg 768w, http:\/\/desarrollo.grupomedios.com\/futbol\/wp-content\/uploads\/2017\/05\/ame-1024x135.jpg 1024w\" sizes=\"(max-width: 1136px) 100vw, 1136px\" \/><\/a><strong><span style=\"color: #800000;\">ALTAS: <\/span><\/strong>Miguel Herrera (<span style=\"color: #ff0000;\"><a style=\"color: #ff0000;\" href=\"https:\/\/www.futboltotal.com.mx\/2017\/05\/oficial-dupla-miguel-herrera-santiago-banos-vuelve-al-america\/\" target=\"_blank\" rel=\"noopener noreferrer\">DT. Xolos<\/a><\/span>)<strong><span style=\"color: #800000;\"><br \/>\n<\/span><\/strong><\/p>\n<p><strong><span style=\"color: #800000;\">BAJAS: <\/span><\/strong>Michael Arroyo (<span style=\"color: #ff0000;\"><a style=\"color: #ff0000;\" href=\"https:\/\/www.futboltotal.com.mx\/2017\/05\/michael-arroyo-confirma-no-ha-renovado-america\/\">agente libre<\/a><\/span>)<\/p>\n<p><span style=\"color: #800000;\"><strong>BAJAS POR CONFIRMAR:\u00a0<\/strong><\/span>Darwin Quintero, Osmar Mares y Silvio Romero (<a href=\"https:\/\/www.futboltotal.com.mx\/2017\/05\/darwin-quintero-encabeza-lista-de-transferibles-del-america\/\" target=\"_blank\" rel=\"noopener noreferrer\"><span style=\"color: #ff0000;\">Xolos<\/span><\/a>).<\/p>\n<p><strong><span style=\"color: #800000;\">RUMORES:<\/span><\/strong>\u00a0Gustavo Bou (<span style=\"color: #ff0000;\"><a style=\"color: #ff0000;\" href=\"https:\/\/www.futboltotal.com.mx\/2017\/05\/cristiano-novia-serian-padres-gemelos\/\" target=\"_blank\" rel=\"noopener noreferrer\">Racing<\/a>)<\/span> C\u00e9sar Montes (<a href=\"https:\/\/www.futboltotal.com.mx\/2017\/04\/america-chivas-pagarian-cifra-record-montes\/\" target=\"_blank\" rel=\"noopener noreferrer\"><span style=\"color: #ff0000;\">Monterrey<\/span><\/a>), Guido Rodr\u00edguez (<span style=\"color: #ff0000;\"><a style=\"color: #ff0000;\" href=\"https:\/\/www.futboltotal.com.mx\/2017\/04\/america-tijuana-cocinan-intercambio-figuras\/\" target=\"_blank\" rel=\"noopener noreferrer\">Xolos<\/a><\/span>), Avil\u00e9s Hurtado (<span style=\"color: #ff0000;\"><a style=\"color: #ff0000;\" href=\"https:\/\/www.futboltotal.com.mx\/2017\/04\/america-tijuana-cocinan-intercambio-figuras\/\" target=\"_blank\" rel=\"noopener noreferrer\">Xolos<\/a><\/span>), Alexis Canelo (Puebla), N\u00e9stor Araujo (<span style=\"color: #ff0000;\"><a style=\"color: #ff0000;\" href=\"https:\/\/www.futboltotal.com.mx\/2017\/05\/darwin-quintero-encabeza-lista-de-transferibles-del-america\/\" target=\"_blank\" rel=\"noopener noreferrer\">Santos<\/a><\/span>), Edson Puch (<a href=\"https:\/\/www.futboltotal.com.mx\/2017\/05\/oribe-peralta-saldria-a-pachuca-puch-llegaria-al-america\/\" target=\"_blank\" rel=\"noopener noreferrer\"><span style=\"color: #ff0000;\">Necaxa<\/span><\/a>) Mois\u00e9s Mu\u00f1oz (<span style=\"color: #ff0000;\"><a style=\"color: #ff0000;\" href=\"https:\/\/www.futboltotal.com.mx\/2017\/05\/moises-munoz-marchesin-pelearina-titularidad-en-america\/\" target=\"_blank\" rel=\"noopener noreferrer\">Chiapas<\/a><\/span>), Dorlan Pab\u00f3n (<span style=\"color: #ff0000;\"><a style=\"color: #ff0000;\" href=\"https:\/\/www.futboltotal.com.mx\/2017\/05\/america-rayados-intercambiarian-delanteros\/\" target=\"_blank\" rel=\"noopener noreferrer\">Monterrey<\/a><\/span>), Luis Reyes (<span style=\"color: #ff0000;\"><a style=\"color: #ff0000;\" href=\"https:\/\/www.futboltotal.com.mx\/2017\/05\/america-contacta-agente-luis-reyes\/\">Atlas<\/a><\/span>), Pedro Aquino (<span style=\"color: #ff0000;\"><a style=\"color: #ff0000;\" href=\"https:\/\/www.futboltotal.com.mx\/2017\/05\/pedro-aquino-seria-fichado-por-el-america\/\" target=\"_blank\" rel=\"noopener noreferrer\">Sporting Cristal<\/a><\/span>), Erick Guti\u00e9rrez (<a href=\"https:\/\/www.futboltotal.com.mx\/2017\/05\/america-cruz-azul-van-una-las-joyas-pachuca\/\" target=\"_blank\" rel=\"noopener noreferrer\"><span style=\"color: #ff0000;\">Pachuca<\/span><\/a>), Lucas Zelaray\u00e1n (<a href=\"https:\/\/www.futboltotal.com.mx\/2017\/05\/zelarayan-podria-recalar-en-america\/\" target=\"_blank\" rel=\"noopener noreferrer\"><span style=\"color: #ff0000;\">Tigres<\/span><\/a>), Alejandro D\u00edaz (<span style=\"color: #ff0000;\"><a style=\"color: #ff0000;\" href=\"https:\/\/www.futboltotal.com.mx\/2017\/06\/america-se-reforzaria-uno-los-delanteros-necaxa\/\" target=\"_blank\" rel=\"noopener noreferrer\">Necaxa<\/a><\/span>)<\/p>\n<p><strong><span style=\"color: #800000;\">TRANSFERIBLES:\u00a0<\/span><\/strong><img decoding=\"async\" loading=\"lazy\" class=\"alignnone size-full wp-image-478168\" src=\"https:\/\/www.futboltotal.com.mx\/wp-content\/uploads\/2017\/05\/atlas.jpg\" alt=\"FUTBOL DE ESTUFA | Apertura 2017 de la Liga MX 1\" srcset=\"http:\/\/desarrollo.grupomedios.com\/futbol\/wp-content\/uploads\/2017\/05\/atlas.jpg 1136w, http:\/\/desarrollo.grupomedios.com\/futbol\/wp-content\/uploads\/2017\/05\/atlas-300x40.jpg 300w, http:\/\/desarrollo.grupomedios.com\/futbol\/wp-content\/uploads\/2017\/05\/atlas-768x101.jpg 768w, http:\/\/desarrollo.grupomedios.com\/futbol\/wp-content\/uploads\/2017\/05\/atlas-1024x135.jpg 1024w\" sizes=\"(max-width: 1136px) 100vw, 1136px\" \/><span style=\"color: #800000;\"><strong>ALTAS<\/strong>:<br \/>\n<\/span><\/p>\n<p><span style=\"color: #800000;\"><strong>BAJAS<\/strong>:\u00a0<\/span><\/p>\n<p><span style=\"color: #800000;\"><strong>BAJAS POR CONFIRMAR: <\/strong><span style=\"color: #333333;\">Mart\u00edn Barrag\u00e1n (<span style=\"color: #ff0000;\"><a style=\"color: #ff0000;\" href=\"https:\/\/www.futboltotal.com.mx\/2017\/05\/martin-barragan-fideo-alvarez-en-la-mira-del-necaxa\/\" target=\"_blank\" rel=\"noopener noreferrer\">Necaxa<\/a><\/span>), Daniel \u00c1lvarez (Necaxa), Luis Reyes (<span style=\"color: #ff0000;\"><a style=\"color: #ff0000;\" href=\"https:\/\/www.futboltotal.com.mx\/2017\/05\/luis-reyes-se-deja-querer-america\/\" target=\"_blank\" rel=\"noopener noreferrer\">Am\u00e9rica<\/a><\/span>)<\/span><strong><br \/>\n<\/strong><\/span><\/p>\n<p><span style=\"color: #800000;\"><strong>RUMORES:<\/strong><\/span>\u00a0Alexis Canelo (Puebla), Gabriel Corozo (Granada).<\/p>\n<p><span style=\"color: #800000;\"><strong>TRANSFERIBLES:\u00a0<\/strong><\/span><img decoding=\"async\" loading=\"lazy\" class=\"alignnone size-full wp-image-478166\" src=\"https:\/\/www.futboltotal.com.mx\/wp-content\/uploads\/2017\/05\/cruzazul.jpg\" alt=\"FUTBOL DE ESTUFA | Apertura 2017 de la Liga MX 2\" srcset=\"http:\/\/desarrollo.grupomedios.com\/futbol\/wp-content\/uploads\/2017\/05\/cruzazul.jpg 1136w, http:\/\/desarrollo.grupomedios.com\/futbol\/wp-content\/uploads\/2017\/05\/cruzazul-300x40.jpg 300w, http:\/\/desarrollo.grupomedios.com\/futbol\/wp-content\/uploads\/2017\/05\/cruzazul-768x101.jpg 768w, http:\/\/desarrollo.grupomedios.com\/futbol\/wp-content\/uploads\/2017\/05\/cruzazul-1024x135.jpg 1024w\" sizes=\"(max-width: 1136px) 100vw, 1136px\" \/><span style=\"color: #800000;\"><strong>ALTAS<\/strong>:\u00a0<\/span><\/p>\n<p><span style=\"color: #800000;\"><strong>BAJAS<\/strong>:\u00a0<\/span><\/p>\n<p><span style=\"color: #800000;\"><strong>BAJAS POR CONFIRMAR:<\/strong>\u00a0<\/span>Juli\u00e1n Vel\u00e1zquez, Omar Mendoza, \u00c1ngel Mena y Jorge Ben\u00edtez (<a href=\"https:\/\/www.futboltotal.com.mx\/2017\/05\/jorge-benitez-dejaria-cruz-azul-reforzar-al-monterrey\/\" target=\"_blank\" rel=\"noopener noreferrer\"><span style=\"color: #ff0000;\">Monterrey<\/span><\/a>).<\/p>\n<p><span style=\"color: #800000;\"><b>RUMORES: <\/b><\/span>Abraham Gonz\u00e1lez (<span style=\"color: #ff0000;\"><a style=\"color: #ff0000;\" href=\"https:\/\/www.futboltotal.com.mx\/2017\/05\/abraham-gonzalez-deja-a-pumas-por-cruz-azul\/\">Pumas<\/a><\/span>), Tiago Volpi (<span style=\"color: #ff0000;\"><a style=\"color: #ff0000;\" href=\"https:\/\/www.futboltotal.com.mx\/2017\/05\/cruz-azul-tendria-interes-en-thiago-volpi\/\" target=\"_blank\" rel=\"noopener noreferrer\">Gallos<\/a><\/span>), Mat\u00edas Britos (Le\u00f3n), El\u00edas Hern\u00e1ndez (Le\u00f3n), Carlos Cisneros (Chivas), Jonathan Fabbro (Chiapas), Yimmi Char\u00e1 (Rayados), Edwin Cardona (Rayados), Ra\u00fal Ruid\u00edaz (Morelia), \u00d3scar Murillo (<span style=\"color: #ff0000;\"><a style=\"color: #ff0000;\" href=\"https:\/\/www.futboltotal.com.mx\/2017\/05\/cruz-azul-desmiente-acuerdo-fichar-a-primer-refuerzo\/\" target=\"_blank\" rel=\"noopener noreferrer\">Pachuca<\/a><\/span>), Christian Guanca (<span style=\"color: #ff0000;\"><a style=\"color: #ff0000;\" href=\"https:\/\/www.futboltotal.com.mx\/2017\/05\/cruz-azul-busca-a-primer-refuerzo-europeo\/\">Kasimpasa<\/a><\/span>), Paolo Guerrero (<span style=\"color: #ff0000;\"><a style=\"color: #ff0000;\" href=\"https:\/\/www.futboltotal.com.mx\/2017\/05\/paolo-guerrero-cerca-fichar-cruz-azul\/\" target=\"_blank\" rel=\"noopener noreferrer\">Flamengo<\/a><\/span>), Yerri Mina (<span style=\"color: #ff0000;\"><a style=\"color: #ff0000;\" href=\"https:\/\/www.futboltotal.com.mx\/2017\/05\/cruz-azul-barcelona-pujan-refuerzo-colombiano\/\" target=\"_blank\" rel=\"noopener noreferrer\">Palmeiras<\/a><\/span>), Felipe Mora (<span style=\"color: #ff0000;\"><a style=\"color: #ff0000;\" href=\"https:\/\/www.futboltotal.com.mx\/2017\/05\/cruz-azul-pumas-se-pelean-goleador-chileno\/\" target=\"_blank\" rel=\"noopener noreferrer\">U Cat\u00f3lica<\/a><\/span>), Luis Montes (<span style=\"color: #ff0000;\"><a style=\"color: #ff0000;\" href=\"https:\/\/www.futboltotal.com.mx\/2017\/05\/cruz-azul-leon-intercambiarian-a-sus-figuras\/\" target=\"_blank\" rel=\"noopener noreferrer\">Le\u00f3n<\/a><\/span>), Erick Guti\u00e9rrez (<a href=\"https:\/\/www.futboltotal.com.mx\/2017\/05\/america-cruz-azul-van-una-las-joyas-pachuca\/\" target=\"_blank\" rel=\"noopener noreferrer\"><span style=\"color: #ff0000;\">Pachuca<\/span><\/a>), Carlos Fierro (<span style=\"color: #ff0000;\"><a style=\"color: #ff0000;\" href=\"https:\/\/www.futboltotal.com.mx\/2017\/06\/carlos-fierro-estaria-cerca-del-cruz-azul\/\" target=\"_blank\" rel=\"noopener noreferrer\">Chivas<\/a><\/span>), Fernando Torres (<span style=\"color: #ff0000;\"><a style=\"color: #ff0000;\" href=\"https:\/\/www.futboltotal.com.mx\/2017\/06\/cruz-azul-paco-jemez-iran-fichaje-fernando-torres\/\" target=\"_blank\" rel=\"noopener noreferrer\">Atl\u00e9tico de Madrid<\/a><\/span>)<\/p>\n<p><span style=\"color: #800000;\"><strong><span style=\"color: #800000;\">TRANSFERIBLES: <\/span><\/strong><\/span><span style=\"color: #0000ff;\"><a style=\"color: #0000ff;\" href=\"https:\/\/www.futboltotal.com.mx\/2017\/05\/cruz-azul-anuncio-lista-preliminar-transferibles\/\">Lista oficial<\/a><\/span>:\u00a0Maza Rodr\u00edguez, Richard Ruiz, Joao Rojas, Jorge Ben\u00edtez, Marc Crosas, Gerardo Flores, Antonio Garc\u00eda, Richard Ruiz, Lucas Silva y Jes\u00fas Garc\u00eda.<\/p>\n<p><span style=\"color: #800000;\"><strong><img decoding=\"async\" loading=\"lazy\" class=\"alignnone size-full wp-image-478167\" src=\"https:\/\/www.futboltotal.com.mx\/wp-content\/uploads\/2017\/05\/chivas.jpg\" alt=\"FUTBOL DE ESTUFA | Apertura 2017 de la Liga MX 3\" srcset=\"http:\/\/desarrollo.grupomedios.com\/futbol\/wp-content\/uploads\/2017\/05\/chivas.jpg 1136w, http:\/\/desarrollo.grupomedios.com\/futbol\/wp-content\/uploads\/2017\/05\/chivas-300x40.jpg 300w, http:\/\/desarrollo.grupomedios.com\/futbol\/wp-content\/uploads\/2017\/05\/chivas-768x101.jpg 768w, http:\/\/desarrollo.grupomedios.com\/futbol\/wp-content\/uploads\/2017\/05\/chivas-1024x135.jpg 1024w\" sizes=\"(max-width: 1136px) 100vw, 1136px\" \/><\/strong><\/span><span style=\"color: #800000;\"><strong>ALTAS<\/strong>:\u00a0<\/span><\/p>\n<p><span style=\"color: #800000;\"><strong>BAJAS<\/strong>: <\/span>N\u00e9stor Calder\u00f3n (<span style=\"color: #ff0000;\"><a style=\"color: #ff0000;\" href=\"https:\/\/www.futboltotal.com.mx\/2017\/05\/almeyda-confirma-las-dos-primeras-bajas-chivas\/\" target=\"_blank\" rel=\"noopener noreferrer\">Santos<\/a><\/span>), Guillermo Mart\u00ednez.<span style=\"color: #800000;\"><br \/>\n<\/span><\/p>\n<p><span style=\"color: #800000;\"><strong>BAJAS POR CONFIRMAR: <\/strong><span style=\"color: #333333;\">Orbel\u00edn Pineda (<span style=\"color: #ff0000;\"><a style=\"color: #ff0000;\" href=\"https:\/\/www.futboltotal.com.mx\/2017\/05\/orbelin-pineda-podria-dejar-chivas-ir-al-valencia\/\" target=\"_blank\" rel=\"noopener noreferrer\">Valencia<\/a><\/span>), Carlos Fierro (<span style=\"color: #ff0000;\"><a style=\"color: #ff0000;\" href=\"https:\/\/www.futboltotal.com.mx\/2017\/06\/carlos-fierro-estaria-cerca-del-cruz-azul\/\" target=\"_blank\" rel=\"noopener noreferrer\">Cruz Azul<\/a><\/span>)<\/span><strong><br \/>\n<\/strong><\/span><\/p>\n<p><span style=\"color: #800000;\"><strong>RUMORES:<\/strong><\/span>\u00a0C\u00e9sar Montes (<a href=\"https:\/\/www.futboltotal.com.mx\/2017\/04\/america-chivas-pagarian-cifra-record-montes\/\" target=\"_blank\" rel=\"noopener noreferrer\"><span style=\"color: #ff0000;\">Monterrey<\/span><\/a>), N\u00e9stor Araujo (Santos), Luis Reyes (Atlas), Javier Aquino (<span style=\"color: #ff0000;\"><a style=\"color: #ff0000;\" href=\"https:\/\/www.futboltotal.com.mx\/2017\/05\/vergara-no-se-rinde-quiere-javier-aquino-chivas\/\" target=\"_blank\" rel=\"noopener noreferrer\">Tigres<\/a><\/span>), Jurgen Damm (<span style=\"color: #ff0000;\"><a style=\"color: #ff0000;\" href=\"https:\/\/www.futboltotal.com.mx\/2017\/05\/jurgen-damm-el-nuevo-deseo-de-chivas\/\" target=\"_blank\" rel=\"noopener noreferrer\">Tigres<\/a><\/span>), Henry Martin (<span style=\"color: #ff0000;\"><a style=\"color: #ff0000;\" href=\"https:\/\/www.futboltotal.com.mx\/2017\/06\/henry-martin-nuevo-jugador-chivas\/\" target=\"_blank\" rel=\"noopener noreferrer\">Xolos<\/a><\/span>)<\/p>\n<p><span style=\"color: #800000;\"><strong>TRANSFERIBLES:\u00a0<\/strong><\/span><img decoding=\"async\" loading=\"lazy\" class=\"alignnone size-full wp-image-478163\" src=\"https:\/\/www.futboltotal.com.mx\/wp-content\/uploads\/2017\/05\/leon.jpg\" alt=\"FUTBOL DE ESTUFA | Apertura 2017 de la Liga MX 4\" srcset=\"http:\/\/desarrollo.grupomedios.com\/futbol\/wp-content\/uploads\/2017\/05\/leon.jpg 1136w, http:\/\/desarrollo.grupomedios.com\/futbol\/wp-content\/uploads\/2017\/05\/leon-300x40.jpg 300w, http:\/\/desarrollo.grupomedios.com\/futbol\/wp-content\/uploads\/2017\/05\/leon-768x101.jpg 768w, http:\/\/desarrollo.grupomedios.com\/futbol\/wp-content\/uploads\/2017\/05\/leon-1024x135.jpg 1024w\" sizes=\"(max-width: 1136px) 100vw, 1136px\" \/><span style=\"color: #800000;\"><strong>ALTAS<\/strong>: \u00a0<\/span>Maximiliano Cerato (<span style=\"color: #ff0000;\"><a style=\"color: #ff0000;\" href=\"https:\/\/www.futboltotal.com.mx\/2017\/05\/leon-ya-refuerzo-sustituir-a-goleador\/\" target=\"_blank\" rel=\"noopener noreferrer\">Everton<\/a><\/span>), Mauro Lainez (<span style=\"color: #ff0000;\"><a style=\"color: #ff0000;\" href=\"https:\/\/www.futboltotal.com.mx\/2017\/05\/oficial-lainez-nuevo-futbolista-del-club-leon\/\" target=\"_blank\" rel=\"noopener noreferrer\">Mineros<\/a><\/span>)<\/p>\n<p><span style=\"color: #800000;\"><strong>BAJAS<\/strong>: <\/span>Germ\u00e1n Cano (Libre)<\/p>\n<p><span style=\"color: #800000;\"><strong>BAJAS POR CONFIRMAR: <\/strong><\/span><em>Gullit <\/em>Pe\u00f1a (Rangers), Luis Montes.<\/p>\n<p><span style=\"color: #800000;\"><strong>RUMORES:<\/strong>\u00a0<\/span>Mauro Boselli (<span style=\"color: #ff0000;\"><a style=\"color: #ff0000;\" href=\"https:\/\/www.futboltotal.com.mx\/2017\/05\/colocan-a-boselli-murillo-en-la-orbita-del-america\/\" target=\"_blank\" rel=\"noopener noreferrer\">Am\u00e9rica<\/a><\/span>), Mat\u00edas Britos (Pumas), \u00c1ngel Mena (<span style=\"color: #ff0000;\"><a style=\"color: #ff0000;\" href=\"https:\/\/www.futboltotal.com.mx\/2017\/05\/cruz-azul-leon-intercambiarian-a-sus-figuras\/\" target=\"_blank\" rel=\"noopener noreferrer\">Cruz Azul<\/a><\/span>)<\/p>\n<p><strong><span style=\"color: #800000;\">TRANSFERIBLES:<\/span><\/strong><\/p>\n<p><strong><img decoding=\"async\" loading=\"lazy\" class=\"alignnone size-full wp-image-478162\" src=\"https:\/\/www.futboltotal.com.mx\/wp-content\/uploads\/2017\/05\/monarcas.jpg\" alt=\"FUTBOL DE ESTUFA | Apertura 2017 de la Liga MX 5\" srcset=\"http:\/\/desarrollo.grupomedios.com\/futbol\/wp-content\/uploads\/2017\/05\/monarcas.jpg 1136w, http:\/\/desarrollo.grupomedios.com\/futbol\/wp-content\/uploads\/2017\/05\/monarcas-300x40.jpg 300w, http:\/\/desarrollo.grupomedios.com\/futbol\/wp-content\/uploads\/2017\/05\/monarcas-768x101.jpg 768w, http:\/\/desarrollo.grupomedios.com\/futbol\/wp-content\/uploads\/2017\/05\/monarcas-1024x135.jpg 1024w\" sizes=\"(max-width: 1136px) 100vw, 1136px\" \/><\/strong><span style=\"color: #800000;\"><strong>ALTAS<\/strong>:\u00a0<\/span><\/p>\n<p><span style=\"color: #800000;\"><strong>BAJAS<\/strong>:\u00a0<\/span><\/p>\n<p><span style=\"color: #800000;\"><strong>BAJAS POR CONFIRMAR: <\/strong><span style=\"color: #333333;\">Diego Vald\u00e9s (Xolos)<\/span><strong><br \/>\n<\/strong><\/span><\/p>\n<p><span style=\"color: #800000;\"><strong>RUMORES:<\/strong>\u00a0<\/span>\u00c1ngel Sep\u00falveda (Quer\u00e9taro), Esteban Pavez (<span style=\"color: #ff0000;\"><a style=\"color: #ff0000;\" href=\"https:\/\/www.futboltotal.com.mx\/2017\/06\/esteban-pavez-chileno-en-la-mira-del-necaxa\/\" target=\"_blank\" rel=\"noopener noreferrer\">Colo Colo<\/a><\/span>)<\/p>\n<p><span style=\"color: #800000;\"><strong>TRANSFERIBLES: <\/strong><span style=\"color: #333333;\">Carlos Morales, Luis Gabriel Rey.<\/span><\/span><img decoding=\"async\" loading=\"lazy\" class=\"alignnone size-full wp-image-478161\" src=\"https:\/\/www.futboltotal.com.mx\/wp-content\/uploads\/2017\/05\/monterrey.jpg\" alt=\"FUTBOL DE ESTUFA | Apertura 2017 de la Liga MX 6\" srcset=\"http:\/\/desarrollo.grupomedios.com\/futbol\/wp-content\/uploads\/2017\/05\/monterrey.jpg 1136w, http:\/\/desarrollo.grupomedios.com\/futbol\/wp-content\/uploads\/2017\/05\/monterrey-300x40.jpg 300w, http:\/\/desarrollo.grupomedios.com\/futbol\/wp-content\/uploads\/2017\/05\/monterrey-768x101.jpg 768w, http:\/\/desarrollo.grupomedios.com\/futbol\/wp-content\/uploads\/2017\/05\/monterrey-1024x135.jpg 1024w\" sizes=\"(max-width: 1136px) 100vw, 1136px\" \/><span style=\"color: #800000;\"><strong>ALTAS<\/strong>:\u00a0<\/span><\/p>\n<p><span style=\"color: #800000;\"><strong>BAJAS<\/strong>:\u00a0<\/span><\/p>\n<p><span style=\"color: #800000;\"><strong>BAJAS POR CONFIRMAR: <\/strong><span style=\"color: #333333;\">Jos\u00e9 Basanta (Necaxa)<\/span><strong><br \/>\n<\/strong><\/span><\/p>\n<p><span style=\"color: #800000;\"><strong>RUMORES:<\/strong>\u00a0<\/span>Carlos Salcedo (Fiorentina), Edson Puch (Necaxa) Nicol\u00e1s Castillo (<a href=\"https:\/\/www.futboltotal.com.mx\/2017\/04\/nico-castillo-con-ofertas-en-liga-mx-y-europa\/\" target=\"_blank\" rel=\"noopener noreferrer\"><span style=\"color: #ff0000;\">Pumas<\/span><\/a>), Michael Arroyo (<span style=\"color: #ff0000;\"><a style=\"color: #ff0000;\" href=\"https:\/\/www.futboltotal.com.mx\/2017\/05\/america-rayados-intercambiarian-delanteros\/\" target=\"_blank\" rel=\"noopener noreferrer\">Am\u00e9rica<\/a><\/span>), Julian Vel\u00e1zquez (Cruz Azul) Stefan Medina (Pachuca), Jonathan Urretaviscaya (Pachuca), Avil\u00e9s Hurtado (<a href=\"https:\/\/www.futboltotal.com.mx\/2017\/05\/aviles-hurtado-habria-rechazado-irse-al-america\/\" target=\"_blank\" rel=\"noopener noreferrer\"><span style=\"color: #ff0000;\">Xolos<\/span><\/a>), Pedro Aquino (<a href=\"https:\/\/www.futboltotal.com.mx\/2017\/05\/pedro-aquino-dijo-no-al-america-jugara-monterrey\/\" target=\"_blank\" rel=\"noopener noreferrer\"><span style=\"color: #ff0000;\">Sporting Cristal<\/span><\/a>), Jorge Ben\u00edtez (<a href=\"https:\/\/www.futboltotal.com.mx\/2017\/05\/jorge-benitez-dejaria-cruz-azul-reforzar-al-monterrey\/\" target=\"_blank\" rel=\"noopener noreferrer\"><span style=\"color: #ff0000;\">Cruz Azul<\/span><\/a>), Alexander Dom\u00ednguez (<span style=\"color: #ff0000;\"><a style=\"color: #ff0000;\" href=\"https:\/\/www.futboltotal.com.mx\/2017\/06\/alexander-dominguez-emigraria-a-lobos-buap\/\" target=\"_blank\" rel=\"noopener noreferrer\">Lobos BUAP<\/a><\/span>)<\/p>\n<p><span style=\"color: #800000;\"><strong>TRANSFERIBLES:\u00a0<\/strong><\/span><img decoding=\"async\" loading=\"lazy\" class=\"alignnone size-full wp-image-478160\" src=\"https:\/\/www.futboltotal.com.mx\/wp-content\/uploads\/2017\/05\/necaxa.jpg\" alt=\"FUTBOL DE ESTUFA | Apertura 2017 de la Liga MX 7\" srcset=\"http:\/\/desarrollo.grupomedios.com\/futbol\/wp-content\/uploads\/2017\/05\/necaxa.jpg 1136w, http:\/\/desarrollo.grupomedios.com\/futbol\/wp-content\/uploads\/2017\/05\/necaxa-300x40.jpg 300w, http:\/\/desarrollo.grupomedios.com\/futbol\/wp-content\/uploads\/2017\/05\/necaxa-768x101.jpg 768w, http:\/\/desarrollo.grupomedios.com\/futbol\/wp-content\/uploads\/2017\/05\/necaxa-1024x135.jpg 1024w\" sizes=\"(max-width: 1136px) 100vw, 1136px\" \/><span style=\"color: #800000;\"><strong>ALTAS<\/strong>:<\/span> Ignacio Ambriz (D.T.), Luis Ernesto P\u00e9rez (<span style=\"color: #ff0000;\"><a style=\"color: #ff0000;\" href=\"https:\/\/www.futboltotal.com.mx\/2017\/06\/oficial-luis-ernesto-perez-regresa-a-necaxa\/\" target=\"_blank\" rel=\"noopener noreferrer\">Lobos BUAP<\/a><\/span>).<span style=\"color: #800000;\"><br \/>\n<\/span><\/p>\n<p><span style=\"color: #800000;\"><strong>BAJAS<\/strong>:<span style=\"color: #000000;\"> Alfonso Sosa (<span style=\"color: #ff0000;\"><a style=\"color: #ff0000;\" href=\"https:\/\/www.futboltotal.com.mx\/2017\/05\/oficial-necaxa-destituye-a-alfonso-sosa\/\">D.T.<\/a><\/span>)<\/span><\/span><\/p>\n<p><span style=\"color: #800000;\"><strong>BAJAS POR CONFIRMAR: <\/strong><span style=\"color: #333333;\">Alejandro D\u00edaz (Am\u00e9rica), Edson Puch (Am\u00e9rica, Pachuca, Monterrey, Tigres)<\/span> <strong><br \/>\n<\/strong><\/span><\/p>\n<p><span style=\"color: #800000;\"><strong>RUMORES:<\/strong>\u00a0<\/span>\u00c1ngel Sepulveda (Quer\u00e9taro), Jos\u00e9 Basanta (Monterrey), Emanuel Villa (<span style=\"color: #ff0000;\"><a style=\"color: #ff0000;\" href=\"https:\/\/www.futboltotal.com.mx\/2017\/05\/delantero-del-queretaro-en-la-mira-del-necaxa\/\" target=\"_blank\" rel=\"noopener noreferrer\">Quer\u00e9taro<\/a><\/span>) William da Silva (Am\u00e9rica), Esteban Pavez (<span style=\"color: #ff0000;\"><a style=\"color: #ff0000;\" href=\"https:\/\/www.futboltotal.com.mx\/2017\/06\/esteban-pavez-chileno-en-la-mira-del-necaxa\/\" target=\"_blank\" rel=\"noopener noreferrer\">Colo Colo<\/a><\/span>)<\/p>\n<p><span style=\"color: #800000;\"><strong>TRANSFERIBLES:\u00a0<\/strong><\/span><a href=\"https:\/\/www.futboltotal.com.mx\/2017\/06\/dos-chilenos-en-la-lista-transferibles-necaxa\/\" target=\"_blank\" rel=\"noopener noreferrer\">Lista oficial<\/a>: Marcos Gonz\u00e1lez, Nicol\u00e1s Maturana, Xavier B\u00e1ez, Michel Garc\u00eda, Alberto Padilla, Kevin Chaurand, Jes\u00fas G\u00f3mez, N\u00e9stor Olgu\u00edn y Carlos Hurtado.<img decoding=\"async\" loading=\"lazy\" class=\"alignnone size-full wp-image-478159\" src=\"https:\/\/www.futboltotal.com.mx\/wp-content\/uploads\/2017\/05\/pachuca.jpg\" alt=\"FUTBOL DE ESTUFA | Apertura 2017 de la Liga MX 8\" srcset=\"http:\/\/desarrollo.grupomedios.com\/futbol\/wp-content\/uploads\/2017\/05\/pachuca.jpg 1136w, http:\/\/desarrollo.grupomedios.com\/futbol\/wp-content\/uploads\/2017\/05\/pachuca-300x40.jpg 300w, http:\/\/desarrollo.grupomedios.com\/futbol\/wp-content\/uploads\/2017\/05\/pachuca-768x101.jpg 768w, http:\/\/desarrollo.grupomedios.com\/futbol\/wp-content\/uploads\/2017\/05\/pachuca-1024x135.jpg 1024w\" sizes=\"(max-width: 1136px) 100vw, 1136px\" \/> <span style=\"color: #800000;\"><strong>ALTAS<\/strong>:<span style=\"color: #000000;\"> Diego Alonso (<a href=\"https:\/\/www.futboltotal.com.mx\/2017\/05\/diego-alonso-renueva-contrato-pachuca\/\" target=\"_blank\" rel=\"noopener noreferrer\"><span style=\"color: #ff0000;\">renov\u00f3 contrato<\/span><\/a>).<\/span><\/span><\/p>\n<p><span style=\"color: #800000;\"><strong>BAJAS<\/strong>:\u00a0<\/span><\/p>\n<p><span style=\"color: #800000;\"><strong>BAJAS POR CONFIRMAR: <\/strong><span style=\"color: #333333;\">Hirving Lozano (Celta, Ajax y PSV), Jonathan Urretaviscaya (Monterrey)<\/span><strong><br \/>\n<\/strong><\/span><\/p>\n<p><span style=\"color: #800000;\"><strong>RUMORES:<\/strong><\/span>\u00a0Oribe Peralta (<span style=\"color: #ff0000;\"><a style=\"color: #ff0000;\" href=\"https:\/\/www.futboltotal.com.mx\/2017\/05\/america-se-quedaria-sin-oribe-peralta-ficharia-pachuca\/\" target=\"_blank\" rel=\"noopener noreferrer\">Am\u00e9rica<\/a><\/span>), Enner Valencia (<span style=\"color: #ff0000;\"><a style=\"color: #ff0000;\" href=\"https:\/\/www.futboltotal.com.mx\/2017\/05\/pachuca-busca-delantero-en-la-premier-league\/\" target=\"_blank\" rel=\"noopener noreferrer\">West Ham<\/a><\/span>), <em>Gullit<\/em>\u00a0Pe\u00f1a (<span style=\"color: #ff0000;\"><a style=\"color: #ff0000;\" href=\"https:\/\/www.futboltotal.com.mx\/2017\/05\/pachuca-busca-delantero-en-la-premier-league\/\" target=\"_blank\" rel=\"noopener noreferrer\">Le\u00f3n<\/a><\/span>), Sebasti\u00e1n Palacios (<span style=\"color: #ff0000;\"><a style=\"color: #ff0000;\" href=\"https:\/\/www.futboltotal.com.mx\/2017\/05\/sebastian-palacios-nuevo-refuerzo-pachuca\/\" target=\"_blank\" rel=\"noopener noreferrer\">Talleres de C\u00f3rdoba<\/a><\/span>), Edson Puch (Necaxa), Fernando Gago (<a href=\"https:\/\/www.futboltotal.com.mx\/2017\/05\/fernando-gago-llegaria-al-pachuca\/\" target=\"_blank\" rel=\"noopener noreferrer\"><span style=\"color: #ff0000;\">Boca Juniors<\/span>).<\/a><\/p>\n<p><span style=\"color: #800000;\"><strong>TRANSFERIBLES:\u00a0<\/strong><\/span><img decoding=\"async\" loading=\"lazy\" class=\"alignnone size-full wp-image-478157\" src=\"https:\/\/www.futboltotal.com.mx\/wp-content\/uploads\/2017\/05\/puebla.jpg\" alt=\"FUTBOL DE ESTUFA | Apertura 2017 de la Liga MX 9\" srcset=\"http:\/\/desarrollo.grupomedios.com\/futbol\/wp-content\/uploads\/2017\/05\/puebla.jpg 1136w, http:\/\/desarrollo.grupomedios.com\/futbol\/wp-content\/uploads\/2017\/05\/puebla-300x40.jpg 300w, http:\/\/desarrollo.grupomedios.com\/futbol\/wp-content\/uploads\/2017\/05\/puebla-768x101.jpg 768w, http:\/\/desarrollo.grupomedios.com\/futbol\/wp-content\/uploads\/2017\/05\/puebla-1024x135.jpg 1024w\" sizes=\"(max-width: 1136px) 100vw, 1136px\" \/><span style=\"color: #800000;\"><strong>ALTAS<\/strong>:\u00a0<\/span><\/p>\n<p><span style=\"color: #800000;\"><strong>BAJAS<\/strong>:<\/span><\/p>\n<p><span style=\"color: #800000;\"><strong>BAJAS POR CONFIRMAR:<\/strong><\/span><\/p>\n<p><span style=\"color: #800000;\"><strong>RUMORES:<\/strong> <span style=\"color: #333333;\">Alejandro Palacios (<span style=\"color: #ff0000;\"><a style=\"color: #ff0000;\" href=\"https:\/\/www.futboltotal.com.mx\/2017\/05\/puebla-destino-alejandro-pikolin-palacios\/\" target=\"_blank\" rel=\"noopener noreferrer\">Pumas<\/a><\/span>) y Jos\u00e9 Luis S\u00e1nchez Sol\u00e1 (<span style=\"color: #ff0000;\"><a style=\"color: #ff0000;\" href=\"https:\/\/www.futboltotal.com.mx\/2017\/05\/chelis-sanchez-sola-dejaria-retiro-volver-al-puebla\/\" target=\"_blank\" rel=\"noopener noreferrer\">D. T.<\/a><\/span>), Rafael Garc\u00eda (D.T.), Mois\u00e9z Mu\u00f1oz (<span style=\"color: #ff0000;\"><a style=\"color: #ff0000;\" href=\"https:\/\/www.futboltotal.com.mx\/2017\/06\/moises-munoz-nuevo-portero-puebla\/\" target=\"_blank\" rel=\"noopener noreferrer\">Chiapas<\/a><\/span>)<\/span><br \/>\n<\/span><\/p>\n<p><span style=\"color: #800000;\"><strong>TRANSFERIBLES:\u00a0<\/strong><\/span><img decoding=\"async\" loading=\"lazy\" class=\"alignnone size-full wp-image-478158\" src=\"https:\/\/www.futboltotal.com.mx\/wp-content\/uploads\/2017\/05\/pumas.jpg\" alt=\"FUTBOL DE ESTUFA | Apertura 2017 de la Liga MX 10\" srcset=\"http:\/\/desarrollo.grupomedios.com\/futbol\/wp-content\/uploads\/2017\/05\/pumas.jpg 1136w, http:\/\/desarrollo.grupomedios.com\/futbol\/wp-content\/uploads\/2017\/05\/pumas-300x40.jpg 300w, http:\/\/desarrollo.grupomedios.com\/futbol\/wp-content\/uploads\/2017\/05\/pumas-768x101.jpg 768w, http:\/\/desarrollo.grupomedios.com\/futbol\/wp-content\/uploads\/2017\/05\/pumas-1024x135.jpg 1024w\" sizes=\"(max-width: 1136px) 100vw, 1136px\" \/><span style=\"color: #800000;\"><strong>ALTAS<\/strong>:\u00a0<\/span><\/p>\n<p><span style=\"color: #800000;\"><strong>BAJAS<\/strong>:<\/span> Alejandro Palacios (<span style=\"color: #ff0000;\"><a style=\"color: #ff0000;\" href=\"https:\/\/www.futboltotal.com.mx\/2017\/05\/pumas-confirma-salida-veron-pikolin-palacios\/\" target=\"_blank\" rel=\"noopener noreferrer\">Agente Libre<\/a><\/span>), Dar\u00edo Ver\u00f3n (<span style=\"color: #ff0000;\"><a style=\"color: #ff0000;\" href=\"https:\/\/www.futboltotal.com.mx\/2017\/05\/pumas-confirma-salida-veron-pikolin-palacios\/\" target=\"_blank\" rel=\"noopener noreferrer\">Agente Libre<\/a><\/span>) y\u00a0<span style=\"color: #333399;\"><a style=\"color: #333399;\" href=\"https:\/\/www.futboltotal.com.mx\/2017\/05\/pumas-se-desmantela-oficial-la-salida-abraham-gonzalez\/\" target=\"_blank\" rel=\"noopener noreferrer\">Abraham Gonz\u00e1lez<\/a><\/span> (<span style=\"color: #ff0000;\"><a style=\"color: #ff0000;\" href=\"https:\/\/www.futboltotal.com.mx\/2017\/05\/abraham-gonzalez-deja-a-pumas-por-cruz-azul\/\" target=\"_blank\" rel=\"noopener noreferrer\">suena para Cruz Azul<\/a><\/span>).<\/p>\n<p><span style=\"color: #800000;\"><strong>BAJAS POR CONFIRMAR:\u00a0<\/strong><\/span><\/p>\n<p><span style=\"color: #800000;\"><strong>RUMORES:<\/strong><\/span>\u00a0Quick Medonza (Chiapas), Joao Rojas (Cruz Azul), Cristian Campestrini (Puebla), Jes\u00fas Isijara (Necaxa), Ismael Sosa (<span style=\"color: #ff0000;\"><a style=\"color: #ff0000;\" href=\"https:\/\/www.futboltotal.com.mx\/2017\/05\/pumas-buscaria-regreso-ismael-sosa\/\">Tigres<\/a><\/span>), David Cabrera (<span style=\"color: #ff0000;\"><a style=\"color: #ff0000;\" href=\"https:\/\/www.futboltotal.com.mx\/2017\/05\/pumas-confirma-salida-veron-pikolin-palacios\/\" target=\"_blank\" rel=\"noopener noreferrer\">Morelia<\/a><\/span>), Rodrigo Gonz\u00e1lez (<a href=\"https:\/\/www.futboltotal.com.mx\/2017\/05\/pumas-ya-tendria-recambio-dario-veron-ex-america\/\" target=\"_blank\" rel=\"noopener noreferrer\"><span style=\"color: #ff0000;\">Venados<\/span><\/a>) Christian Men\u00e9ndez (<span style=\"color: #ff0000;\"><a style=\"color: #ff0000;\" href=\"https:\/\/www.futboltotal.com.mx\/2017\/05\/argentino-cristian-menendez-suena-llegar-a-pumas-veracruz\/\">Atl\u00e9tico Tucum\u00e1n<\/a><span style=\"color: #333333;\">), Mauro Formica (Newell\u00b4s Olds Boys)<\/span><br \/>\n<\/span><\/p>\n<p><span style=\"color: #800000;\"><strong>TRANSFERIBLES:\u00a0<\/strong><span style=\"color: #333333;\"><a href=\"https:\/\/www.futboltotal.com.mx\/2017\/06\/javier-cortes-aparece-en-la-lista-transferibles-pumas\/\" target=\"_blank\" rel=\"noopener noreferrer\">Lista oficial<\/a>: Dar\u00edo Ver\u00f3n, Alejandro Palacios, Alejandro Castro, Marcelo Alatorre, Abraham Gonz\u00e1lez.<\/span><\/span><strong><a href=\"https:\/\/www.futboltotal.com.mx\/wp-content\/uploads\/2017\/05\/queretaro.jpg\"><img decoding=\"async\" loading=\"lazy\" class=\"alignnone size-full wp-image-478172\" src=\"https:\/\/www.futboltotal.com.mx\/wp-content\/uploads\/2017\/05\/queretaro.jpg\" alt=\"FUTBOL DE ESTUFA | Apertura 2017 de la Liga MX 11\" srcset=\"http:\/\/desarrollo.grupomedios.com\/futbol\/wp-content\/uploads\/2017\/05\/queretaro.jpg 1136w, http:\/\/desarrollo.grupomedios.com\/futbol\/wp-content\/uploads\/2017\/05\/queretaro-300x40.jpg 300w, http:\/\/desarrollo.grupomedios.com\/futbol\/wp-content\/uploads\/2017\/05\/queretaro-768x101.jpg 768w, http:\/\/desarrollo.grupomedios.com\/futbol\/wp-content\/uploads\/2017\/05\/queretaro-1024x135.jpg 1024w\" sizes=\"(max-width: 1136px) 100vw, 1136px\" \/><\/a><\/strong><span style=\"color: #800000;\"><strong>ALTAS<\/strong>:\u00a0<\/span><\/p>\n<p><span style=\"color: #800000;\"><strong>BAJAS<\/strong>:\u00a0<\/span><\/p>\n<p><span style=\"color: #800000;\"><strong>BAJAS POR CONFIRMAR: <\/strong><span style=\"color: #333333;\">\u00c1ngel Sep\u00falveda (Morelia, Necaxa), Emanuel Villa (Necaxa)<\/span> <strong><br \/>\n<\/strong><\/span><\/p>\n<p><span style=\"color: #800000;\"><strong>RUMORES:<\/strong>\u00a0<\/span>Alexis Canelo (Puebla), Marlos Moreno (<span style=\"color: #ff0000;\"><a style=\"color: #ff0000;\" href=\"https:\/\/www.futboltotal.com.mx\/2017\/05\/queretaro-prepara-fichaje-bomba-jugador-del-manchester-city\/\" target=\"_blank\" rel=\"noopener noreferrer\">Manchester City<\/a><\/span>), Fernando Torres (<span style=\"color: #ff0000;\"><a style=\"color: #ff0000;\" href=\"https:\/\/www.futboltotal.com.mx\/2017\/06\/queretaro-cocina-la-bomba-fichar-a-fernando-nino-torres\/\" target=\"_blank\" rel=\"noopener noreferrer\">Atl\u00e9tico de Madrid<\/a><\/span>), Ismael Sosa (<span style=\"color: #ff0000;\"><a style=\"color: #ff0000;\" href=\"https:\/\/www.futboltotal.com.mx\/2017\/06\/ismael-sosa-pretendido-queretaro\/\" target=\"_blank\" rel=\"noopener noreferrer\">Tigres<\/a><\/span>).<\/p>\n<p><span style=\"color: #800000;\"><strong>TRANSFERIBLES:\u00a0<\/strong><\/span><strong><img decoding=\"async\" loading=\"lazy\" class=\"alignnone size-full wp-image-478156\" src=\"https:\/\/www.futboltotal.com.mx\/wp-content\/uploads\/2017\/05\/santos.jpg\" alt=\"FUTBOL DE ESTUFA | Apertura 2017 de la Liga MX 12\" srcset=\"http:\/\/desarrollo.grupomedios.com\/futbol\/wp-content\/uploads\/2017\/05\/santos.jpg 1136w, http:\/\/desarrollo.grupomedios.com\/futbol\/wp-content\/uploads\/2017\/05\/santos-300x40.jpg 300w, http:\/\/desarrollo.grupomedios.com\/futbol\/wp-content\/uploads\/2017\/05\/santos-768x101.jpg 768w, http:\/\/desarrollo.grupomedios.com\/futbol\/wp-content\/uploads\/2017\/05\/santos-1024x135.jpg 1024w\" sizes=\"(max-width: 1136px) 100vw, 1136px\" \/><\/strong><span style=\"color: #800000;\"><strong>ALTAS<\/strong>:\u00a0<\/span><\/p>\n<p><span style=\"color: #800000;\"><strong>BAJAS<\/strong>:\u00a0<\/span><\/p>\n<p><span style=\"color: #800000;\"><strong>BAJAS POR CONFIRMAR<\/strong>: \u00a0<\/span>Jonathan Rodr\u00edguez (Cruz Azul)<\/p>\n<p><span style=\"color: #800000;\"><strong>RUMORES: <\/strong><\/span>Darwin Quintero (Am\u00e9rica)<\/p>\n<p><span style=\"color: #800000;\"><strong>TRANSFERIBLES: <\/strong><\/span><span style=\"color: #ff0000;\"><a style=\"color: #ff0000;\" href=\"https:\/\/www.futboltotal.com.mx\/2017\/05\/santos-anuncio-lista-transferibles\/\" target=\"_blank\" rel=\"noopener noreferrer\">Lista oficial<\/a>. :\u00a0<\/span>Julio Gonz\u00e1lez, C\u00e9sar Iba\u00f1ez, Mauro Cuero, Javier Orozco, Ulises D\u00e1vila, Emilio Orrantia, Francisco Torres.<strong><img decoding=\"async\" loading=\"lazy\" class=\"alignnone size-full wp-image-478154\" src=\"https:\/\/www.futboltotal.com.mx\/wp-content\/uploads\/2017\/05\/tijuana.jpg\" alt=\"FUTBOL DE ESTUFA | Apertura 2017 de la Liga MX 13\" srcset=\"http:\/\/desarrollo.grupomedios.com\/futbol\/wp-content\/uploads\/2017\/05\/tijuana.jpg 1136w, http:\/\/desarrollo.grupomedios.com\/futbol\/wp-content\/uploads\/2017\/05\/tijuana-300x40.jpg 300w, http:\/\/desarrollo.grupomedios.com\/futbol\/wp-content\/uploads\/2017\/05\/tijuana-768x101.jpg 768w, http:\/\/desarrollo.grupomedios.com\/futbol\/wp-content\/uploads\/2017\/05\/tijuana-1024x135.jpg 1024w\" sizes=\"(max-width: 1136px) 100vw, 1136px\" \/><\/strong><span style=\"color: #800000;\"><strong>ALTAS<\/strong>:<span style=\"color: #000000;\"> Eduardo Coudet (<a href=\"https:\/\/www.futboltotal.com.mx\/2017\/05\/oficial-eduardo-coudet-nuevo-dt-xolos\/\" target=\"_blank\" rel=\"noopener noreferrer\"><span style=\"color: #ff0000;\">D.T.<\/span><\/a>)<\/span><\/span><\/p>\n<p><span style=\"color: #800000;\"><strong>BAJAS<\/strong>:<\/span><\/p>\n<p><span style=\"color: #800000;\"><strong>BAJAS POR CONFIRMAR: <\/strong><span style=\"color: #333333;\">Avil\u00e9s Hurtado (<span style=\"color: #ff0000;\"><a style=\"color: #ff0000;\" href=\"https:\/\/www.futboltotal.com.mx\/2017\/05\/aviles-hurtado-habria-rechazado-irse-al-america\/\" target=\"_blank\" rel=\"noopener noreferrer\">Monterrey<\/a><\/span>), Guido Rodr\u00edguez (<span style=\"color: #ff0000;\"><a style=\"color: #ff0000;\" href=\"https:\/\/www.futboltotal.com.mx\/2017\/05\/guido-rodriguez-sera-refuerzo-del-america\/\" target=\"_blank\" rel=\"noopener noreferrer\">Am\u00e9rica<\/a><\/span>).<\/span><strong><br \/>\n<\/strong><\/span><\/p>\n<p><span style=\"color: #800000;\"><strong>RUMORES:<\/strong><span style=\"color: #000000;\">\u00a0<\/span><span style=\"color: #333333;\">Diego Vald\u00e9s (<span style=\"color: #ff0000;\"><a style=\"color: #ff0000;\" href=\"https:\/\/www.futboltotal.com.mx\/2017\/05\/diego-valdes-nuevo-refuerzo-xolos\/\" target=\"_blank\" rel=\"noopener noreferrer\">Morelia<\/a><\/span>), Eduardo Vargas (<a href=\"https:\/\/www.futboltotal.com.mx\/2017\/05\/eduardo-vargas-alista-salida-tigres\/\" target=\"_blank\" rel=\"noopener noreferrer\"><span style=\"color: #ff0000;\">Tigres<\/span><\/a>), Gustavo Bou (<span style=\"color: #ff0000;\"><a style=\"color: #ff0000;\" href=\"https:\/\/www.futboltotal.com.mx\/2017\/05\/cristiano-novia-serian-padres-gemelos\/\" target=\"_blank\" rel=\"noopener noreferrer\">Racing<\/a><\/span>)<\/span><br \/>\n<\/span><\/p>\n<p><strong><span style=\"color: #800000;\">TRANSFERIBLES:\u00a0<\/span><\/strong><strong><img decoding=\"async\" loading=\"lazy\" class=\"alignnone size-full wp-image-478153\" src=\"https:\/\/www.futboltotal.com.mx\/wp-content\/uploads\/2017\/05\/toluca.jpg\" alt=\"FUTBOL DE ESTUFA | Apertura 2017 de la Liga MX 14\" srcset=\"http:\/\/desarrollo.grupomedios.com\/futbol\/wp-content\/uploads\/2017\/05\/toluca.jpg 1136w, http:\/\/desarrollo.grupomedios.com\/futbol\/wp-content\/uploads\/2017\/05\/toluca-300x40.jpg 300w, http:\/\/desarrollo.grupomedios.com\/futbol\/wp-content\/uploads\/2017\/05\/toluca-768x101.jpg 768w, http:\/\/desarrollo.grupomedios.com\/futbol\/wp-content\/uploads\/2017\/05\/toluca-1024x135.jpg 1024w\" sizes=\"(max-width: 1136px) 100vw, 1136px\" \/><\/strong><strong><span style=\"color: #800000;\">ALTAS:\u00a0<\/span><\/strong><\/p>\n<p><strong><span style=\"color: #800000;\">BAJAS:<\/span><\/strong><\/p>\n<p><strong><span style=\"color: #800000;\">BAJAS POR CONFIRMAR:<\/span><\/strong><\/p>\n<p><strong><span style=\"color: #800000;\">RUMORES:\u00a0<\/span><\/strong><\/p>\n<p><strong><span style=\"color: #800000;\">TRANSFERIBLES:\u00a0<\/span><\/strong><strong><img decoding=\"async\" loading=\"lazy\" class=\"alignnone size-full wp-image-478155\" src=\"https:\/\/www.futboltotal.com.mx\/wp-content\/uploads\/2017\/05\/tigres.jpg\" alt=\"FUTBOL DE ESTUFA | Apertura 2017 de la Liga MX 15\" srcset=\"http:\/\/desarrollo.grupomedios.com\/futbol\/wp-content\/uploads\/2017\/05\/tigres.jpg 1136w, http:\/\/desarrollo.grupomedios.com\/futbol\/wp-content\/uploads\/2017\/05\/tigres-300x40.jpg 300w, http:\/\/desarrollo.grupomedios.com\/futbol\/wp-content\/uploads\/2017\/05\/tigres-768x101.jpg 768w, http:\/\/desarrollo.grupomedios.com\/futbol\/wp-content\/uploads\/2017\/05\/tigres-1024x135.jpg 1024w\" sizes=\"(max-width: 1136px) 100vw, 1136px\" \/><\/strong><span style=\"color: #800000;\"><strong>ALTAS<\/strong>:\u00a0<\/span><\/p>\n<p><span style=\"color: #800000;\"><strong>BAJAS<\/strong>:\u00a0<\/span><\/p>\n<p><span style=\"color: #800000;\"><strong>BAJAS POR CONFIRMAR<\/strong>: \u00a0<span style=\"color: #000000;\">Andr\u00e9-Pierre Gignac\u00a0<\/span><\/span><span style=\"color: #000000;\">(<a href=\"https:\/\/www.futboltotal.com.mx\/2017\/05\/villarreal-tendria-en-la-mira-a-andre-pierre-gignac\/\" target=\"_blank\" rel=\"noopener noreferrer\"><span style=\"color: #ff0000;\">Villarreal<\/span><\/a><\/span>, <span style=\"color: #ff0000;\"><a style=\"color: #ff0000;\" href=\"https:\/\/www.futboltotal.com.mx\/2017\/06\/arsenal-levanta-la-mano-andre-pierre-gignac\/\" target=\"_blank\" rel=\"noopener noreferrer\">Arsenal<\/a><\/span>) Lucas Zelaray\u00e1n (<a href=\"https:\/\/www.futboltotal.com.mx\/2017\/05\/zelarayan-podria-recalar-en-america\/\" target=\"_blank\" rel=\"noopener noreferrer\"><span style=\"color: #ff0000;\">Am\u00e9rica<\/span><\/a>), Eduardo Vargas (<a href=\"https:\/\/www.futboltotal.com.mx\/2017\/05\/eduardo-vargas-alista-salida-tigres\/\" target=\"_blank\" rel=\"noopener noreferrer\"><span style=\"color: #ff0000;\">Tijuana<\/span><\/a>), Javier Aquino (<span style=\"color: #ff0000;\"><a style=\"color: #ff0000;\" href=\"https:\/\/www.futboltotal.com.mx\/2017\/05\/vergara-no-se-rinde-quiere-javier-aquino-chivas\/\" target=\"_blank\" rel=\"noopener noreferrer\">Chivas<\/a><\/span>), Jurgen Damm (<span style=\"color: #ff0000;\"><a style=\"color: #ff0000;\" href=\"https:\/\/www.futboltotal.com.mx\/2017\/05\/jurgen-damm-el-nuevo-deseo-de-chivas\/\" target=\"_blank\" rel=\"noopener noreferrer\">Chivas<\/a><\/span>), Ismael Sosa (<span style=\"color: #ff0000;\"><a style=\"color: #ff0000;\" href=\"https:\/\/www.futboltotal.com.mx\/2017\/05\/cruz-azul-quiere-los-servicios-ismael-sosa\/\" target=\"_blank\" rel=\"noopener noreferrer\">Cruz Azul<\/a><\/span>, <span style=\"color: #ff0000;\"><a style=\"color: #ff0000;\" href=\"https:\/\/www.futboltotal.com.mx\/2017\/06\/ismael-sosa-pretendido-queretaro\/\" target=\"_blank\" rel=\"noopener noreferrer\">Quer\u00e9taro<\/a><\/span>).<\/p>\n<p><span style=\"color: #800000;\"><strong>RUMORES:<\/strong>\u00a0<\/span>Gustavo G\u00f3mez (<span style=\"color: #ff0000;\"><a style=\"color: #ff0000;\" href=\"https:\/\/www.futboltotal.com.mx\/2017\/05\/tigres-buscara-fichar-a-jugador-del-milan\/\" target=\"_blank\" rel=\"noopener noreferrer\">AC Milan<\/a><\/span>), Nicol\u00e1s Castillo (<span style=\"color: #ff0000;\"><a style=\"color: #ff0000;\" href=\"https:\/\/www.futboltotal.com.mx\/2017\/04\/nico-castillo-con-ofertas-en-liga-mx-y-europa\/\" target=\"_blank\" rel=\"noopener noreferrer\">Pumas<\/a><\/span>), Edson Puch (<span style=\"color: #ff0000;\"><a style=\"color: #ff0000;\" href=\"https:\/\/www.futboltotal.com.mx\/2017\/05\/edson-puch-objeto-del-deseo-tigres-monterrey\/\" target=\"_blank\" rel=\"noopener noreferrer\">Necaxa<\/a><\/span>)<span style=\"color: #800000;\"><span style=\"color: #333333;\">, Cristian Tello (<span style=\"color: #ff0000;\"><a style=\"color: #ff0000;\" href=\"https:\/\/www.futboltotal.com.mx\/2017\/06\/ofrecen-a-cristian-tello-tigres\/\" target=\"_blank\" rel=\"noopener noreferrer\">Fiorentina<\/a><\/span>)<\/span><\/span>.<\/p>\n<p><span style=\"color: #800000;\"><strong>TRANSFERIBLES:\u00a0<\/strong><\/span><a href=\"https:\/\/www.futboltotal.com.mx\/wp-content\/uploads\/2017\/05\/veracruz.jpg\"><img decoding=\"async\" loading=\"lazy\" class=\"alignnone size-full wp-image-478152\" src=\"https:\/\/www.futboltotal.com.mx\/wp-content\/uploads\/2017\/05\/veracruz.jpg\" alt=\"FUTBOL DE ESTUFA | Apertura 2017 de la Liga MX 16\" srcset=\"http:\/\/desarrollo.grupomedios.com\/futbol\/wp-content\/uploads\/2017\/05\/veracruz.jpg 1136w, http:\/\/desarrollo.grupomedios.com\/futbol\/wp-content\/uploads\/2017\/05\/veracruz-300x40.jpg 300w, http:\/\/desarrollo.grupomedios.com\/futbol\/wp-content\/uploads\/2017\/05\/veracruz-768x101.jpg 768w, http:\/\/desarrollo.grupomedios.com\/futbol\/wp-content\/uploads\/2017\/05\/veracruz-1024x135.jpg 1024w\" sizes=\"(max-width: 1136px) 100vw, 1136px\" \/><\/a><span style=\"color: #800000;\"><strong>ALTAS<\/strong>:\u00a0<\/span><\/p>\n<p><span style=\"color: #800000;\"><strong>BAJAS<\/strong>:\u00a0<\/span><\/p>\n<p><span style=\"color: #800000;\"><strong>BAJAS POR CONFIRMAR:<\/strong><\/span> Eduardo Herrera (<span style=\"color: #ff0000;\"><a style=\"color: #ff0000;\" href=\"https:\/\/www.futboltotal.com.mx\/2017\/05\/caixinha-buscaria-a-eduardo-herrera-sus-rangers\/\" target=\"_blank\" rel=\"noopener noreferrer\">Rangers<\/a><\/span>), Marcelo Alatorre.<\/p>\n<p><span style=\"color: #800000;\"><strong>RUMORES:<\/strong> <span style=\"color: #333333;\">Lucas Pratto (<span style=\"color: #ff0000;\"><a style=\"color: #ff0000;\" href=\"https:\/\/www.futboltotal.com.mx\/2017\/06\/lucas-pratto-en-la-mira-del-veracruz\/\" target=\"_blank\" rel=\"noopener noreferrer\">Sao Paulo<\/a><\/span>)<\/span><br \/>\n<\/span><\/p>\n<p><span style=\"color: #800000;\"><strong>TRANSFERIBLES:\u00a0<\/strong><\/span><\/p>\n","protected":false},"excerpt":{"rendered":"<p>Sigue las altas, bajas y rumores de los 18 clubes de la Liga MX de cara al pr\u00f3ximo torneo Apertura 2017.<\/p>\n","protected":false},"author":20,"featured_media":478194,"comment_status":"closed","ping_status":"closed","sticky":false,"template":"","format":"standard","meta":[],"categories":[7570,7740,2198,3845],"tags":[7732,64],"_links":{"self":[{"href":"http:\/\/desarrollo.grupomedios.com\/futbol\/wp-json\/wp\/v2\/posts\/478151"}],"collection":[{"href":"http:\/\/desarrollo.grupomedios.com\/futbol\/wp-json\/wp\/v2\/posts"}],"about":[{"href":"http:\/\/desarrollo.grupomedios.com\/futbol\/wp-json\/wp\/v2\/types\/post"}],"author":[{"embeddable":true,"href":"http:\/\/desarrollo.grupomedios.com\/futbol\/wp-json\/wp\/v2\/users\/20"}],"replies":[{"embeddable":true,"href":"http:\/\/desarrollo.grupomedios.com\/futbol\/wp-json\/wp\/v2\/comments?post=478151"}],"version-history":[{"count":38,"href":"http:\/\/desarrollo.grupomedios.com\/futbol\/wp-json\/wp\/v2\/posts\/478151\/revisions"}],"predecessor-version":[{"id":478349,"href":"http:\/\/desarrollo.grupomedios.com\/futbol\/wp-json\/wp\/v2\/posts\/478151\/revisions\/478349"}],"wp:featuredmedia":[{"embeddable":true,"href":"http:\/\/desarrollo.grupomedios.com\/futbol\/wp-json\/wp\/v2\/media\/478194"}],"wp:attachment":[{"href":"http:\/\/desarrollo.grupomedios.com\/futbol\/wp-json\/wp\/v2\/media?parent=478151"}],"wp:term":[{"taxonomy":"category","embeddable":true,"href":"http:\/\/desarrollo.grupomedios.com\/futbol\/wp-json\/wp\/v2\/categories?post=478151"},{"taxonomy":"post_tag","embeddable":true,"href":"http:\/\/desarrollo.grupomedios.com\/futbol\/wp-json\/wp\/v2\/tags?post=478151"}],"curies":[{"name":"wp","href":"https:\/\/api.w.org\/{rel}","templated":true}]}}