{"id":478189,"date":"2017-05-10T13:00:01","date_gmt":"2017-05-10T18:00:01","guid":{"rendered":"https:\/\/www.futboltotal.com.mx\/?p=478189"},"modified":"2017-05-10T15:49:04","modified_gmt":"2017-05-10T20:49:04","slug":"en-vivo-atletico-madrid-vs-real-madrid-semifinal-champions-league","status":"publish","type":"post","link":"http:\/\/desarrollo.grupomedios.com\/futbol\/futbol-internacional\/en-vivo-atletico-madrid-vs-real-madrid-semifinal-champions-league\/2017\/05","title":{"rendered":"AS\u00cd SE VIVI\u00d3 | Atl\u00e9tico de Madrid 2-1 Real Madrid | Champions League"},"content":{"rendered":"<p style=\"text-align: center;\"><a href=\"https:\/\/en-vivo.futboltotal.com.mx\/partido\/atletico-de-madrid-vs-real-madrid-semifinal-champions-league\/77\/\" target=\"_blank\"><span style=\"color: #3366ff;\">DA CLICK AQU\u00cd PARA VER EL EN VIVO DE ATL\u00c9TICO DE MADRID VS REAL MADRID EN SEMIFINALES DE CHAMPIONS<\/span><\/a><\/p>\n<p>El derbi m\u00e1s grande de Europa desaf\u00eda al <strong>Atl\u00e9tico<\/strong> y al <strong>Real Madrid<\/strong>, enfrentados en el Vicente Calder\u00f3n en el partido de vuelta de las semifinales de la Champions League y en otro duelo enorme, condicionado por el 3-0 de la ida, con el equipo blanco a un paso de la final y con el rojiblanco contra la l\u00f3gica.<\/p>\n<p>El <strong>Real Madrid<\/strong>, el actual campe\u00f3n de Europa, tiene una c\u00f3moda ventaja, ha marcado en cada uno de sus \u00faltimos 60 partidos, dispone de una colecci\u00f3n de grandes futbolistas, cuenta con Cristiano Ronaldo en una imponente racha goleadora y es el indudable favorito para alcanzar la final del torneo del pr\u00f3ximo 3 de junio en Cardiff.<\/p>\n<p style=\"text-align: center;\"><span style=\"color: #3366ff;\"><a style=\"color: #3366ff;\" href=\"https:\/\/en-vivo.futboltotal.com.mx\/partido\/atletico-de-madrid-vs-real-madrid-semifinal-champions-league\/77\/\" target=\"_blank\">DA CLICK AQU\u00cd PARA VER EL EN VIVO DE ATL\u00c9TICO DE MADRID VS REAL MADRID EN SEMIFINALES DE CHAMPIONS<\/a><\/span><\/p>\n<p>El <strong>Atl\u00e9tico de Madrid<\/strong>, subcampe\u00f3n en dos de las \u00faltimas tres ediciones de la <strong>Champions League<\/strong>, apela a la \u00e9pica, evoca las gestas logradas en su campo, conf\u00eda en su capacidad y sus cualidades para superar cualquier reto y se propone una remontada nunca vista en la historia de las semifinales de esta competici\u00f3n.<\/p>\n<p>Necesita tres o m\u00e1s goles y sabe que mantener su porter\u00eda a cero es indispensable -un tanto del <strong>Real Madrid<\/strong> disparar\u00eda las obligaciones locales hasta los cinco tantos-; una proeza de la que no ha desistido en ning\u00fan momento desde nada m\u00e1s terminar el duelo de la ida, con el dur\u00edsimo golpe que supuso el 3-0 en su contra.<\/p>\n<p>En la historia de los 65 derbis del estadio Vicente Calder\u00f3n, que recibir\u00e1 abarrotado y con un ambiente descomunal su \u00faltimo encuentro europeo, s\u00f3lo hay tres ejemplos v\u00e1lidos para la remontada: dos 4-0, el m\u00e1s reciente el 7 de febrero de 2015, el anterior el 2 de enero de 1977, y un 3-0, el 15 de marzo de 1970. El resto, 62, no bastan.<\/p>\n<p><strong>&#8211; Alineaciones probables:<\/strong><\/p>\n<p><strong>Atl\u00e9tico de Madrid:<\/strong> Oblak; Juanfran, Savic, God\u00edn, Filipe; Carrasco, Gabi, Sa\u00fal, Koke; Griezmann y Gameiro o Torres.<\/p>\n<p><strong>Real Madrid:<\/strong> Keylor Navas; Nacho, Varane, Sergio Ramos, Marcelo; Casemiro, Kroos, Modric, Isco; Cristiano Ronaldo y Benzema.<\/p>\n<p>\u00c1rbitro: Cuneyt Cakir (Turqu\u00eda).<\/p>\n<p>Estadio: Vicente Calder\u00f3n.<\/p>\n","protected":false},"excerpt":{"rendered":"<p>Los Colchoneros ganaron pero el Real Madrid va a la final tras ganar con global 2-4.<\/p>\n","protected":false},"author":129,"featured_media":478354,"comment_status":"closed","ping_status":"closed","sticky":false,"template":"","format":"standard","meta":[],"categories":[3841,3839],"tags":[6007,36,5988],"_links":{"self":[{"href":"http:\/\/desarrollo.grupomedios.com\/futbol\/wp-json\/wp\/v2\/posts\/478189"}],"collection":[{"href":"http:\/\/desarrollo.grupomedios.com\/futbol\/wp-json\/wp\/v2\/posts"}],"about":[{"href":"http:\/\/desarrollo.grupomedios.com\/futbol\/wp-json\/wp\/v2\/types\/post"}],"author":[{"embeddable":true,"href":"http:\/\/desarrollo.grupomedios.com\/futbol\/wp-json\/wp\/v2\/users\/129"}],"replies":[{"embeddable":true,"href":"http:\/\/desarrollo.grupomedios.com\/futbol\/wp-json\/wp\/v2\/comments?post=478189"}],"version-history":[{"count":10,"href":"http:\/\/desarrollo.grupomedios.com\/futbol\/wp-json\/wp\/v2\/posts\/478189\/revisions"}],"predecessor-version":[{"id":478391,"href":"http:\/\/desarrollo.grupomedios.com\/futbol\/wp-json\/wp\/v2\/posts\/478189\/revisions\/478391"}],"wp:featuredmedia":[{"embeddable":true,"href":"http:\/\/desarrollo.grupomedios.com\/futbol\/wp-json\/wp\/v2\/media\/478354"}],"wp:attachment":[{"href":"http:\/\/desarrollo.grupomedios.com\/futbol\/wp-json\/wp\/v2\/media?parent=478189"}],"wp:term":[{"taxonomy":"category","embeddable":true,"href":"http:\/\/desarrollo.grupomedios.com\/futbol\/wp-json\/wp\/v2\/categories?post=478189"},{"taxonomy":"post_tag","embeddable":true,"href":"http:\/\/desarrollo.grupomedios.com\/futbol\/wp-json\/wp\/v2\/tags?post=478189"}],"curies":[{"name":"wp","href":"https:\/\/api.w.org\/{rel}","templated":true}]}}