{"id":478292,"date":"2017-05-10T10:22:52","date_gmt":"2017-05-10T15:22:52","guid":{"rendered":"https:\/\/www.futboltotal.com.mx\/?p=478292"},"modified":"2017-05-10T10:22:52","modified_gmt":"2017-05-10T15:22:52","slug":"balon-oro-cristiano-buffon","status":"publish","type":"post","link":"http:\/\/desarrollo.grupomedios.com\/futbol\/futbol-internacional\/balon-oro-cristiano-buffon\/2017\/05","title":{"rendered":"\u00bfBal\u00f3n de Oro? Solo para Cristiano o Buffon"},"content":{"rendered":"<p>La revista <em>France Football<\/em>, que otorga cada a\u00f1o el <strong>Bal\u00f3n de Oro<\/strong>, considera que el portugu\u00e9s <strong>Cristiano Ronaldo<\/strong>, delantero del Real Madrid, es el favorito para alzarse con ese galard\u00f3n.<\/p>\n<p>La revista se interroga acerca de qui\u00e9n podr\u00eda batir a Ronaldo, que si gana este a\u00f1o sumar\u00eda su quinto Bal\u00f3n de Oro, los mismos que ha conquistado el argentino Lionel Messi.<\/p>\n<p style=\"text-align: center;\"><span style=\"color: #3366ff;\"><a style=\"color: #3366ff;\" href=\"https:\/\/www.futboltotal.com.mx\/2017\/05\/cristiano-anota-al-atletico-e-impone-record-historico\/\">VER M\u00c1S: CR7 devora r\u00e9cords y acerca al Real Madrid a la Final<\/a><\/span><\/p>\n<p style=\"text-align: center;\"><img decoding=\"async\" loading=\"lazy\" class=\"alignnone size-full wp-image-478296\" src=\"https:\/\/www.futboltotal.com.mx\/wp-content\/uploads\/2017\/05\/cr1.jpg\" alt=\"\u00bfBal\u00f3n de Oro? Solo para Cristiano o Buffon 0\" srcset=\"http:\/\/desarrollo.grupomedios.com\/futbol\/wp-content\/uploads\/2017\/05\/cr1.jpg 566w, http:\/\/desarrollo.grupomedios.com\/futbol\/wp-content\/uploads\/2017\/05\/cr1-289x300.jpg 289w\" sizes=\"(max-width: 566px) 100vw, 566px\" \/><\/p>\n<p style=\"text-align: left;\"><em>France Football<\/em>\u00a0analiz\u00f3 &#8220;la evoluci\u00f3n radical&#8221; del delantero portugu\u00e9s y juzg\u00f3 que participa &#8220;m\u00e1s&#8221; en el juego del equipo y se le ve m\u00e1s fresco fruto de los descansos que tiene en los partidos de Liga.<\/p>\n<blockquote><p>&#8220;El apetito de victoria est\u00e1 intacto, el profesionalismo tambi\u00e9n. Y su instinto goleador todav\u00eda m\u00e1s afilado&#8221;, opina la revista.<\/p>\n<p style=\"text-align: center;\"><span style=\"color: #3366ff;\"><a style=\"color: #3366ff;\" href=\"https:\/\/www.futboltotal.com.mx\/2017\/05\/real-madrid-homenajea-a-cristiano-400-goles\/\">VER M\u00c1S: Cristiano recibe homenaje por sus 400 goles<\/a><\/span><\/p>\n<p style=\"text-align: center;\">\n<\/blockquote>\n<p><b>Cristiano Ronaldo<\/b>, de 32 a\u00f1os, marc\u00f3 cinco goles en la eliminatoria de cuartos de final de la Liga de Campeones ante el Bayern de M\u00fanich y tres en la ida de las semifinales contra el Atl\u00e9tico de Madrid.<\/p>\n<p>En su reportaje especial, la publicaci\u00f3n solo ve al veterano portero italiano Gianluigi Buffon, gloria del Juventus, como &#8220;el verdadero rival&#8221; del portugu\u00e9s, excluyendo as\u00ed a la terna del Barcelona formada por Messi, el brasile\u00f1o Neymar y el uruguayo Luis Su\u00e1rez.<\/p>\n<p><a href=\"https:\/\/www.futboltotal.com.mx\/wp-content\/uploads\/2017\/05\/CR2.jpg\"><img decoding=\"async\" loading=\"lazy\" class=\"alignnone size-full wp-image-478297\" src=\"https:\/\/www.futboltotal.com.mx\/wp-content\/uploads\/2017\/05\/CR2.jpg\" alt=\"\u00bfBal\u00f3n de Oro? Solo para Cristiano o Buffon 1\" srcset=\"http:\/\/desarrollo.grupomedios.com\/futbol\/wp-content\/uploads\/2017\/05\/CR2.jpg 943w, http:\/\/desarrollo.grupomedios.com\/futbol\/wp-content\/uploads\/2017\/05\/CR2-300x191.jpg 300w, http:\/\/desarrollo.grupomedios.com\/futbol\/wp-content\/uploads\/2017\/05\/CR2-768x488.jpg 768w\" sizes=\"(max-width: 943px) 100vw, 943px\" \/><\/a><\/p>\n","protected":false},"excerpt":{"rendered":"<p>La publicaci\u00f3n descarta a Messi y ve al portero Gigi Buffon entre los finalistas. <\/p>\n","protected":false},"author":20,"featured_media":478298,"comment_status":"closed","ping_status":"closed","sticky":false,"template":"","format":"standard","meta":[],"categories":[3841,3839,3844,3848],"tags":[222,6027,5988],"_links":{"self":[{"href":"http:\/\/desarrollo.grupomedios.com\/futbol\/wp-json\/wp\/v2\/posts\/478292"}],"collection":[{"href":"http:\/\/desarrollo.grupomedios.com\/futbol\/wp-json\/wp\/v2\/posts"}],"about":[{"href":"http:\/\/desarrollo.grupomedios.com\/futbol\/wp-json\/wp\/v2\/types\/post"}],"author":[{"embeddable":true,"href":"http:\/\/desarrollo.grupomedios.com\/futbol\/wp-json\/wp\/v2\/users\/20"}],"replies":[{"embeddable":true,"href":"http:\/\/desarrollo.grupomedios.com\/futbol\/wp-json\/wp\/v2\/comments?post=478292"}],"version-history":[{"count":1,"href":"http:\/\/desarrollo.grupomedios.com\/futbol\/wp-json\/wp\/v2\/posts\/478292\/revisions"}],"predecessor-version":[{"id":478299,"href":"http:\/\/desarrollo.grupomedios.com\/futbol\/wp-json\/wp\/v2\/posts\/478292\/revisions\/478299"}],"wp:featuredmedia":[{"embeddable":true,"href":"http:\/\/desarrollo.grupomedios.com\/futbol\/wp-json\/wp\/v2\/media\/478298"}],"wp:attachment":[{"href":"http:\/\/desarrollo.grupomedios.com\/futbol\/wp-json\/wp\/v2\/media?parent=478292"}],"wp:term":[{"taxonomy":"category","embeddable":true,"href":"http:\/\/desarrollo.grupomedios.com\/futbol\/wp-json\/wp\/v2\/categories?post=478292"},{"taxonomy":"post_tag","embeddable":true,"href":"http:\/\/desarrollo.grupomedios.com\/futbol\/wp-json\/wp\/v2\/tags?post=478292"}],"curies":[{"name":"wp","href":"https:\/\/api.w.org\/{rel}","templated":true}]}}