{"id":478294,"date":"2017-05-10T10:30:53","date_gmt":"2017-05-10T15:30:53","guid":{"rendered":"https:\/\/www.futboltotal.com.mx\/?p=478294"},"modified":"2017-05-10T10:30:53","modified_gmt":"2017-05-10T15:30:53","slug":"piojo-herrera-ruidiaz-goleador-pobre-torneos-cortos","status":"publish","type":"post","link":"http:\/\/desarrollo.grupomedios.com\/futbol\/futbol-mexicano\/piojo-herrera-ruidiaz-goleador-pobre-torneos-cortos\/2017\/05","title":{"rendered":"Piojo Herrera: &#8220;Ruid\u00edaz, el goleador m\u00e1s pobre de torneos cortos&#8221;"},"content":{"rendered":"<p><strong>Miguel Herrera<\/strong>, t\u00e9cnico de <strong>Tijuana<\/strong>, siguiendo la l\u00ednea pol\u00e9mica que muchas veces\u00a0le ha caracterizado no dud\u00f3 en definir al peruano\u00a0<strong>Ra\u00fal Ruid\u00edaz<\/strong>, bicampe\u00f3n de goleo y referente anotador de su rival en cuartos de final de la <strong>Liguilla<\/strong>, <strong>Morelia<\/strong>, como un romperredes &#8220;pobre&#8221;.<\/p>\n<p>&#8220;(<strong>Ra\u00fal Ruid\u00edaz<\/strong>) es un gran goleador, hay que estar atentos, es el goleador m\u00e1s pobre de los torneos cortos, nueve goles son muy pobres para un goleador, pero creo que es bueno para \u00e9l. Nosotros tambi\u00e9n trataremos de ser contundentes, si ellos tienen al mejor delantero, nosotros tenemos a la mejor delantera en conjunto&#8221;, asegur\u00f3 el timonel del <em>Xolaje<\/em>.<\/p>\n<p>&nbsp;<\/p>\n<blockquote class=\"twitter-tweet\" data-lang=\"es\">\n<p dir=\"ltr\" lang=\"es\">&#8220;Vamos a buscar la ventaja en la Ida&#8221;: <a href=\"https:\/\/twitter.com\/MiguelHerreraDT\">@MiguelHerreraDT<\/a> &#x1f4dd;&#x1f449;<a href=\"https:\/\/t.co\/cTDpZKo4UU\">https:\/\/t.co\/cTDpZKo4UU<\/a> <a href=\"https:\/\/twitter.com\/hashtag\/10A%C3%B1osDeLealtad?src=hash\">#10A\u00f1osDeLealtad<\/a> <a href=\"https:\/\/t.co\/KzjKYKZO3b\">pic.twitter.com\/KzjKYKZO3b<\/a><\/p>\n<p>\u2014 Xolos (@Xolos) <a href=\"https:\/\/twitter.com\/Xolos\/status\/862116529856421888\">10 de mayo de 2017<\/a><\/p><\/blockquote>\n<p><script async src=\"\/\/platform.twitter.com\/widgets.js\" charset=\"utf-8\"><\/script><\/p>\n<p>El entrenador llev\u00f3 al\u00a0cuadro fronterizo a su segundo superliderato en torneos consecutivos. El semestre anterior, en el Apertura 2016, Tijuana cay\u00f3 sorprendido en cuartos de final ante Le\u00f3n; sin embargo, la supuesta maldici\u00f3n del superl\u00edder no preocupa al equipo.<\/p>\n<p style=\"text-align: center;\"><span style=\"color: #333399;\"><a style=\"color: #333399;\" href=\"https:\/\/www.futboltotal.com.mx\/2017\/05\/piojo-herrera-xolos-calientan-liguilla-con-carpool-karaoke\/\" target=\"_blank\">VER M\u00c1S: Piojo Herrera y Xolos calientan Liguilla con un &#8216;Carpool Karaoke&#8217;<\/a><\/span><\/p>\n<p>&#8220;\u00bfMaldici\u00f3n del l\u00edder? no me preocupa, es m\u00e1s me vale. Hoy estamos muy contentos por el torneo que hicimos, y queremos alargar esa racha en liguilla, lo dem\u00e1s es presi\u00f3n que ponen los medios, pero no nos interesa&#8221;, dijo el ex t\u00e9cnico del Tri.<\/p>\n<p>Pese a que los Xolos est\u00e1n por arrancar su andar por la presente Liguilla, en los medios de comunicaci\u00f3n est\u00e1 latente el casi inminente regreso de Miguel Herrera al Am\u00e9rica, situaci\u00f3n que el propio t\u00e9cnico insiste en que no ocupa su mente y s\u00f3lo se enfoca en su actual club.<\/p>\n<p>&#8220;Quiero pensar en Xolos y poder llegar a la final, los tiempos no me interesan. Yo tengo contrato con el equipo hasta diciembre. Mi cabeza est\u00e1 en jugar un partido ac\u00e1 hasta el 28 de mayo, quiero ser campe\u00f3n&#8221;, dijo el <em>Piojo<\/em>.<\/p>\n<p style=\"text-align: center;\"><span style=\"color: #333399;\"><a style=\"color: #333399;\" href=\"https:\/\/www.futboltotal.com.mx\/2017\/05\/america-piojo-herrera-incomodaron-a-la-volpe\/\" target=\"_blank\">VER M\u00c1S: Am\u00e9rica y Piojo Herrera incomodaron a La Volpe<\/a><\/span><\/p>\n<p>Finalmente, el entrenador de Tijuana apunta a lo m\u00e1s alto en este certamen, el t\u00edtulo, mismo que de no conseguirse lo calificar\u00eda como un fracaso.<\/p>\n<p>&#8220;El objetivo final de todos es lograr ser campe\u00f3n, si no lo logras es fracasar en el intento, no tenerle miedo a esa palabra. Tu te pones un ideal de lo que quieres lograr y si no lo lograste entonces fracasaste&#8221;, concluy\u00f3.<\/p>\n<p style=\"text-align: center;\"><a href=\"https:\/\/www.futboltotal.com.mx\/2017\/05\/futbol-estufa-rumores-y-fichajes-rumbo-al-apertura-2017-la-liga-mx\/\" target=\"_blank\"><span style=\"color: #333399;\">VER M\u00c1S: Futbol de estufa | Rumbo al Apertura\u00a02017 de la Liga MX<\/span><\/a><\/p>\n","protected":false},"excerpt":{"rendered":"<p>El t\u00e9cnico de Tijuana dej\u00f3 ver entre l\u00edneas que no temen al goleador de Morelia.<\/p>\n","protected":false},"author":154,"featured_media":462814,"comment_status":"closed","ping_status":"closed","sticky":false,"template":"","format":"standard","meta":[],"categories":[2198,3845],"tags":[7732,64,1046,255,5967,6157,7620,5974,1673],"_links":{"self":[{"href":"http:\/\/desarrollo.grupomedios.com\/futbol\/wp-json\/wp\/v2\/posts\/478294"}],"collection":[{"href":"http:\/\/desarrollo.grupomedios.com\/futbol\/wp-json\/wp\/v2\/posts"}],"about":[{"href":"http:\/\/desarrollo.grupomedios.com\/futbol\/wp-json\/wp\/v2\/types\/post"}],"author":[{"embeddable":true,"href":"http:\/\/desarrollo.grupomedios.com\/futbol\/wp-json\/wp\/v2\/users\/154"}],"replies":[{"embeddable":true,"href":"http:\/\/desarrollo.grupomedios.com\/futbol\/wp-json\/wp\/v2\/comments?post=478294"}],"version-history":[{"count":1,"href":"http:\/\/desarrollo.grupomedios.com\/futbol\/wp-json\/wp\/v2\/posts\/478294\/revisions"}],"predecessor-version":[{"id":478301,"href":"http:\/\/desarrollo.grupomedios.com\/futbol\/wp-json\/wp\/v2\/posts\/478294\/revisions\/478301"}],"wp:featuredmedia":[{"embeddable":true,"href":"http:\/\/desarrollo.grupomedios.com\/futbol\/wp-json\/wp\/v2\/media\/462814"}],"wp:attachment":[{"href":"http:\/\/desarrollo.grupomedios.com\/futbol\/wp-json\/wp\/v2\/media?parent=478294"}],"wp:term":[{"taxonomy":"category","embeddable":true,"href":"http:\/\/desarrollo.grupomedios.com\/futbol\/wp-json\/wp\/v2\/categories?post=478294"},{"taxonomy":"post_tag","embeddable":true,"href":"http:\/\/desarrollo.grupomedios.com\/futbol\/wp-json\/wp\/v2\/tags?post=478294"}],"curies":[{"name":"wp","href":"https:\/\/api.w.org\/{rel}","templated":true}]}}