{"id":478305,"date":"2017-05-10T11:05:39","date_gmt":"2017-05-10T16:05:39","guid":{"rendered":"https:\/\/www.futboltotal.com.mx\/?p=478305"},"modified":"2017-05-10T12:30:57","modified_gmt":"2017-05-10T17:30:57","slug":"moises-munoz-regresaria-al-america-apertura-2017","status":"publish","type":"post","link":"http:\/\/desarrollo.grupomedios.com\/futbol\/destacado-home\/moises-munoz-regresaria-al-america-apertura-2017\/2017\/05","title":{"rendered":"Mois\u00e9s Mu\u00f1oz regresar\u00eda al Am\u00e9rica para el Apertura 2017"},"content":{"rendered":"<p>A pesar de que tras el descenso de Chiapas\u00a0, el portero <span style=\"color: #0000ff;\"><a style=\"color: #0000ff;\" href=\"https:\/\/www.futboltotal.com.mx\/2017\/05\/moises-munoz-sucesor-jesus-corona-en-cruz-azul\/\" target=\"_blank\">Mois\u00e9s Mu\u00f1oz lleg\u00f3 a sonar como refuerzo de Cruz Azul<\/a><\/span>, parece que el futuro del portero mexicano terminara siendo otra vez con el <strong>Am\u00e9rica<\/strong>, todo por culpa del famoso pacto de caballeros.<\/p>\n<p>El pasado mes de diciembre, <strong>Mois\u00e9s<\/strong> termin\u00f3 contrato con las <em>\u00c1guilas<\/em> al perder la Final con Tigres, adem\u00e1s de que ya se hab\u00eda anunciado la contrataci\u00f3n de Agust\u00edn Marches\u00edn, por lo que no entr\u00f3 en los planes del equipo y fue prestado a Jaguares para el Clausura 2017.<\/p>\n<p style=\"text-align: center;\"><span style=\"color: #3366ff;\"><a style=\"color: #3366ff;\" href=\"https:\/\/www.futboltotal.com.mx\/2017\/05\/pachuca-tendra-a-lainez-una-refuerzo-europeo-mundial-clubes\/\">VER M\u00c1S: Pachuca tendr\u00e1 a Lainez y un refuerzo europeo para Mundial de Clubes<\/a><\/span><\/p>\n<p>Pero el <span style=\"color: #0000ff;\"><a style=\"color: #0000ff;\" href=\"https:\/\/www.futboltotal.com.mx\/2017\/05\/resultado-liga-mx-atlas-0-1-chiapas\/\" target=\"_blank\">descenso del equipo chiapaneco<\/a><\/span> dej\u00f3 con un futuro incierto el destino de <em>Moy<\/em>, pues aunque no tenga contrato con los <em>azulcremas<\/em>, el pr\u00f3ximo 5 de junio tendr\u00e1 que reportar con <strong>Am\u00e9rica<\/strong> debido al pacto de caballeros, ya que sigue &#8220;perteneciendo&#8221; al club.<\/p>\n<p>Para arreglar su futuro, <strong>Mu\u00f1oz<\/strong> tendr\u00e1 que platicar con la directiva americanista y as\u00ed entonces podr\u00eda conocer su futuro para ser puesto como transferible en el Draft y buscar cabida en otro equipo del futbol mexicano.<\/p>\n<p>La \u00fanica forma en que el ex portero americanista no regrese a las <em>\u00c1guilas<\/em> es firmando con un club del extranjero y la <span style=\"color: #0000ff;\"><a style=\"color: #0000ff;\" href=\"https:\/\/www.futboltotal.com.mx\/2017\/02\/moises-munoz-tiene-precontrato-en-la-mls\/\" target=\"_blank\">MLS podr\u00eda ser su destino<\/a><\/span>, pues hace unos meses se le vincul\u00f3 con el Orlando City y adem\u00e1s yendo al futbol de Estados Unidos estar\u00eda rompiendo el pacto de caballeros.<\/p>\n<p style=\"text-align: center;\"><span style=\"color: #3366ff;\"><a style=\"color: #3366ff;\" href=\"https:\/\/www.futboltotal.com.mx\/2017\/05\/futbol-estufa-rumores-y-fichajes-rumbo-al-apertura-2017-la-liga-mx\/\">VER M\u00c1S: FUTBOL DE ESTUFA | Apertura 2017 de la Liga MX<\/a><\/span><\/p>\n","protected":false},"excerpt":{"rendered":"<p>El Pacto de Caballeros estar\u00eda llevando a Moy de regreso a las \u00c1guilas.<\/p>\n","protected":false},"author":20,"featured_media":451896,"comment_status":"closed","ping_status":"closed","sticky":false,"template":"","format":"standard","meta":[],"categories":[5,2198,3845],"tags":[5959,64,635],"_links":{"self":[{"href":"http:\/\/desarrollo.grupomedios.com\/futbol\/wp-json\/wp\/v2\/posts\/478305"}],"collection":[{"href":"http:\/\/desarrollo.grupomedios.com\/futbol\/wp-json\/wp\/v2\/posts"}],"about":[{"href":"http:\/\/desarrollo.grupomedios.com\/futbol\/wp-json\/wp\/v2\/types\/post"}],"author":[{"embeddable":true,"href":"http:\/\/desarrollo.grupomedios.com\/futbol\/wp-json\/wp\/v2\/users\/20"}],"replies":[{"embeddable":true,"href":"http:\/\/desarrollo.grupomedios.com\/futbol\/wp-json\/wp\/v2\/comments?post=478305"}],"version-history":[{"count":2,"href":"http:\/\/desarrollo.grupomedios.com\/futbol\/wp-json\/wp\/v2\/posts\/478305\/revisions"}],"predecessor-version":[{"id":478325,"href":"http:\/\/desarrollo.grupomedios.com\/futbol\/wp-json\/wp\/v2\/posts\/478305\/revisions\/478325"}],"wp:featuredmedia":[{"embeddable":true,"href":"http:\/\/desarrollo.grupomedios.com\/futbol\/wp-json\/wp\/v2\/media\/451896"}],"wp:attachment":[{"href":"http:\/\/desarrollo.grupomedios.com\/futbol\/wp-json\/wp\/v2\/media?parent=478305"}],"wp:term":[{"taxonomy":"category","embeddable":true,"href":"http:\/\/desarrollo.grupomedios.com\/futbol\/wp-json\/wp\/v2\/categories?post=478305"},{"taxonomy":"post_tag","embeddable":true,"href":"http:\/\/desarrollo.grupomedios.com\/futbol\/wp-json\/wp\/v2\/tags?post=478305"}],"curies":[{"name":"wp","href":"https:\/\/api.w.org\/{rel}","templated":true}]}}