{"id":478331,"date":"2017-05-10T12:57:59","date_gmt":"2017-05-10T17:57:59","guid":{"rendered":"https:\/\/www.futboltotal.com.mx\/?p=478331"},"modified":"2017-05-10T12:57:59","modified_gmt":"2017-05-10T17:57:59","slug":"marc-bartra-volvio-a-entrenar-dortmund-tras-lesion-en-atentado","status":"publish","type":"post","link":"http:\/\/desarrollo.grupomedios.com\/futbol\/futbol-internacional\/marc-bartra-volvio-a-entrenar-dortmund-tras-lesion-en-atentado\/2017\/05","title":{"rendered":"Marc Bartra volvi\u00f3 a entrenar con el Dortmund tras su lesi\u00f3n en el atentado"},"content":{"rendered":"<p>El central espa\u00f1ol <strong>Marc Bartra<\/strong> volvi\u00f3 hoy entrenar hoy con su equipo, el Borussia Dortmumd, 29 d\u00edas despu\u00e9s del <span style=\"color: #3366ff;\"><a style=\"color: #3366ff;\" href=\"https:\/\/www.futboltotal.com.mx\/2017\/04\/explosion-previo-al-dortmund-vs-monaco-marc-bartra-estaria-lesionado\/\" target=\"_blank\">atentado contra el autob\u00fas del club alem\u00e1n<\/a><\/span> producido antes del partido de ida de la Champions League\u00a0contra el Monaco.<\/p>\n<blockquote class=\"twitter-tweet\" data-lang=\"es\">\n<p dir=\"ltr\" lang=\"de\">&#x1f44d; <a href=\"https:\/\/twitter.com\/MarcBartra\">@MarcBartra<\/a> ist zur\u00fcck im<br \/>\nMannschaftstraining! Wir waren bei seiner ersten Einheit mit der Kamera dabei: <a href=\"https:\/\/t.co\/rbIeRfBavA\">https:\/\/t.co\/rbIeRfBavA<\/a> <a href=\"https:\/\/t.co\/G3hfdPZnr6\">pic.twitter.com\/G3hfdPZnr6<\/a><\/p>\n<p>\u2014 Borussia Dortmund (@BVB) <a href=\"https:\/\/twitter.com\/BVB\/status\/862338816262230017\">10 de mayo de 2017<\/a><\/p><\/blockquote>\n<p><script async src=\"\/\/platform.twitter.com\/widgets.js\" charset=\"utf-8\"><\/script><\/p>\n<p>As\u00ed lo inform\u00f3 el club alem\u00e1n en su p\u00e1gina web y el propio jugador, a trav\u00e9s de su cuenta de twitter, se declar\u00f3 &#8220;feliz por volver a entrenar con el equipo y con m\u00e1s ganas que nunca de volver a jugar&#8221;.<\/p>\n<p>Bartra result\u00f3 herido en el atentado con bomba al sufrir una fractura en el radio y lesiones con esquirlas por lo que tuvo que ser sometido a una operaci\u00f3n quir\u00fargica.<\/p>\n<p style=\"text-align: center;\"><span style=\"color: #3366ff;\"><a style=\"color: #3366ff;\" href=\"https:\/\/www.futboltotal.com.mx\/2017\/05\/moises-munoz-regresaria-al-america-apertura-2017\/\">VER M\u00c1S: Mois\u00e9s Mu\u00f1oz regresar\u00eda al Am\u00e9rica para el Apertura 2017<\/a><\/span><\/p>\n<p>El jugador ya hab\u00eda vuelto a entrenar en solitario pero hoy por primera vez volvi\u00f3 a sumarse al grupo.<\/p>\n<p>Al Dortmund le quedan dos partidos de la Bundesliga y est\u00e1 en la lucha por mantener el tercer lugar que le dar\u00eda la clasificaci\u00f3n directa a la fase de grupos de la Champions League.<\/p>\n<p>Adem\u00e1s, el equipo est\u00e1 en la <span style=\"color: #3366ff;\">f<a style=\"color: #3366ff;\" href=\"https:\/\/www.futboltotal.com.mx\/2017\/04\/eintracht-marco-fabian-jugaran-la-final-pokal\/\" target=\"_blank\">inal de la Copa de Alemania que disputar\u00e1 contra el Eintracht Frankfurt de Marco Fabi\u00e1n<\/a><\/span>, en un partido en el que parte como favorito.<\/p>\n<p>El t\u00edtulo de la Copa de Alemania ser\u00eda el primero para Bartra con la camiseta del Dortmund.EFE<\/p>\n<p style=\"text-align: center;\"><span style=\"color: #3366ff;\"><a style=\"color: #3366ff;\" href=\"https:\/\/www.futboltotal.com.mx\/2017\/05\/pachuca-tendra-a-lainez-una-refuerzo-europeo-mundial-clubes\/\">VER M\u00c1S: Pachuca tendr\u00e1 a Lainez y un refuerzo europeo para Mundial de Clubes<\/a><\/span><\/p>\n","protected":false},"excerpt":{"rendered":"<p>El espa\u00f1ol estar\u00eda listo para la Final de Copa ante el Eintracht.<\/p>\n","protected":false},"author":144,"featured_media":475647,"comment_status":"closed","ping_status":"closed","sticky":false,"template":"","format":"standard","meta":[],"categories":[3839,6822],"tags":[6047,6893],"_links":{"self":[{"href":"http:\/\/desarrollo.grupomedios.com\/futbol\/wp-json\/wp\/v2\/posts\/478331"}],"collection":[{"href":"http:\/\/desarrollo.grupomedios.com\/futbol\/wp-json\/wp\/v2\/posts"}],"about":[{"href":"http:\/\/desarrollo.grupomedios.com\/futbol\/wp-json\/wp\/v2\/types\/post"}],"author":[{"embeddable":true,"href":"http:\/\/desarrollo.grupomedios.com\/futbol\/wp-json\/wp\/v2\/users\/144"}],"replies":[{"embeddable":true,"href":"http:\/\/desarrollo.grupomedios.com\/futbol\/wp-json\/wp\/v2\/comments?post=478331"}],"version-history":[{"count":1,"href":"http:\/\/desarrollo.grupomedios.com\/futbol\/wp-json\/wp\/v2\/posts\/478331\/revisions"}],"predecessor-version":[{"id":478336,"href":"http:\/\/desarrollo.grupomedios.com\/futbol\/wp-json\/wp\/v2\/posts\/478331\/revisions\/478336"}],"wp:featuredmedia":[{"embeddable":true,"href":"http:\/\/desarrollo.grupomedios.com\/futbol\/wp-json\/wp\/v2\/media\/475647"}],"wp:attachment":[{"href":"http:\/\/desarrollo.grupomedios.com\/futbol\/wp-json\/wp\/v2\/media?parent=478331"}],"wp:term":[{"taxonomy":"category","embeddable":true,"href":"http:\/\/desarrollo.grupomedios.com\/futbol\/wp-json\/wp\/v2\/categories?post=478331"},{"taxonomy":"post_tag","embeddable":true,"href":"http:\/\/desarrollo.grupomedios.com\/futbol\/wp-json\/wp\/v2\/tags?post=478331"}],"curies":[{"name":"wp","href":"https:\/\/api.w.org\/{rel}","templated":true}]}}