{"id":478334,"date":"2017-05-10T14:46:42","date_gmt":"2017-05-10T19:46:42","guid":{"rendered":"https:\/\/www.futboltotal.com.mx\/?p=478334"},"modified":"2017-05-10T14:51:24","modified_gmt":"2017-05-10T19:51:24","slug":"totti-deja-en-aire-retirada","status":"publish","type":"post","link":"http:\/\/desarrollo.grupomedios.com\/futbol\/futbol-internacional\/totti-deja-en-aire-retirada\/2017\/05","title":{"rendered":"Totti deja en el aire su retirada"},"content":{"rendered":"<p>El capit\u00e1n del Roma, <strong>Francesco Totti,<\/strong> de 40 a\u00f1os, dej\u00f3 en el aire su retirada del f\u00fatbol al final de esta temporada, a pesar de que su contrato como futbolista concluye con el curso y ya tiene un acuerdo para seguir como directivo del club.<\/p>\n<blockquote><p>&#8220;No s\u00e9&#8221;, contest\u00f3 <strong>Totti<\/strong> a un chico que le pregunt\u00f3 sobre su adi\u00f3s como jugador, en un acto organizado en Roma por una federaci\u00f3n deportiva para discapacitados.<\/p>\n<p style=\"text-align: center;\"><span style=\"color: #3366ff;\"><a style=\"color: #3366ff;\" href=\"https:\/\/www.futboltotal.com.mx\/2017\/05\/francesco-totti-se-retira-al-final-la-temporada\/\">VER M\u00c1S: Se acab\u00f3 la carrera en las canchas de Totti<\/a><\/span><\/p>\n<\/blockquote>\n<p>El nuevo director deportivo del Roma, el espa\u00f1ol Ram\u00f3n Rodr\u00edguez Verdejo <em>Monchi<\/em>, dijo la semana pasada en su rueda de prensa de presentaci\u00f3n que &#8220;a partir del pr\u00f3ximo a\u00f1o&#8221;<strong> Totti<\/strong> ten\u00eda otro contrato &#8220;para ser directivo del Roma&#8221;.<\/p>\n<p>A falta de tres jornadas para que concluya la Serie A (Primera Divisi\u00f3n), muchos en Italia dan por hecho que la leyenda del Roma cerrar\u00e1 su carrera para tomar un rol de directivo del conjunto <em>giallorosso<\/em>, aunque de momento no hay confirmaci\u00f3n oficial.<\/p>\n<p style=\"text-align: center;\"><span style=\"color: #3366ff;\"><a style=\"color: #3366ff;\" href=\"https:\/\/www.futboltotal.com.mx\/2017\/05\/idolos-del-futbol-mundial-francesco-totti-eterno-capitano-la-roma\/\">VER M\u00c1S: \u00cddolos del futbol mundial, Francesco Totti<\/a><\/span><\/p>\n<p>Esta situaci\u00f3n se vivi\u00f3 tambi\u00e9n en mayo del curso pasado, pero <strong>Totti<\/strong> termin\u00f3 prolongando su contrato de futbolista con el Roma por un a\u00f1o m\u00e1s, tras encadenar una serie de prestaciones de alto nivel.<\/p>\n<p>El futbolista italiano acudi\u00f3 esta ma\u00f1ana al acto en Roma acompa\u00f1ado por el presidente del Comit\u00e9 Ol\u00edmpico Italiano (CONI), Giovanni Malag\u00f3, el ministro del deporte, Luca Lotti, el presidente del Comit\u00e9 Paral\u00edmpico, Luca Pancalli, y el director general del Roma, Mauro Baldissoni.<\/p>\n","protected":false},"excerpt":{"rendered":"<p>El mediocampista italiano no sabe si seguir\u00e1 jugando la pr\u00f3xima temporada.<\/p>\n","protected":false},"author":20,"featured_media":478362,"comment_status":"closed","ping_status":"closed","sticky":false,"template":"","format":"standard","meta":[],"categories":[3839,3848],"tags":[2619],"_links":{"self":[{"href":"http:\/\/desarrollo.grupomedios.com\/futbol\/wp-json\/wp\/v2\/posts\/478334"}],"collection":[{"href":"http:\/\/desarrollo.grupomedios.com\/futbol\/wp-json\/wp\/v2\/posts"}],"about":[{"href":"http:\/\/desarrollo.grupomedios.com\/futbol\/wp-json\/wp\/v2\/types\/post"}],"author":[{"embeddable":true,"href":"http:\/\/desarrollo.grupomedios.com\/futbol\/wp-json\/wp\/v2\/users\/20"}],"replies":[{"embeddable":true,"href":"http:\/\/desarrollo.grupomedios.com\/futbol\/wp-json\/wp\/v2\/comments?post=478334"}],"version-history":[{"count":4,"href":"http:\/\/desarrollo.grupomedios.com\/futbol\/wp-json\/wp\/v2\/posts\/478334\/revisions"}],"predecessor-version":[{"id":478366,"href":"http:\/\/desarrollo.grupomedios.com\/futbol\/wp-json\/wp\/v2\/posts\/478334\/revisions\/478366"}],"wp:featuredmedia":[{"embeddable":true,"href":"http:\/\/desarrollo.grupomedios.com\/futbol\/wp-json\/wp\/v2\/media\/478362"}],"wp:attachment":[{"href":"http:\/\/desarrollo.grupomedios.com\/futbol\/wp-json\/wp\/v2\/media?parent=478334"}],"wp:term":[{"taxonomy":"category","embeddable":true,"href":"http:\/\/desarrollo.grupomedios.com\/futbol\/wp-json\/wp\/v2\/categories?post=478334"},{"taxonomy":"post_tag","embeddable":true,"href":"http:\/\/desarrollo.grupomedios.com\/futbol\/wp-json\/wp\/v2\/tags?post=478334"}],"curies":[{"name":"wp","href":"https:\/\/api.w.org\/{rel}","templated":true}]}}