{"id":478346,"date":"2017-05-10T14:30:21","date_gmt":"2017-05-10T19:30:21","guid":{"rendered":"https:\/\/www.futboltotal.com.mx\/?p=478346"},"modified":"2017-05-10T14:30:21","modified_gmt":"2017-05-10T19:30:21","slug":"paolo-goltz-quiere-cambiar-al-america-grande-argentina","status":"publish","type":"post","link":"http:\/\/desarrollo.grupomedios.com\/futbol\/futbol-mexicano\/paolo-goltz-quiere-cambiar-al-america-grande-argentina\/2017\/05","title":{"rendered":"Paolo Goltz quiere cambiar al Am\u00e9rica por un grande de Argentina"},"content":{"rendered":"<p>Entre los cambios que se vislumbran en el plantel del <strong>Am\u00e9rica<\/strong> rumbo al torneo <strong>Apertura 2017<\/strong>, una de las bajas que sufrir\u00edan las <em>\u00c1guilas<\/em> podr\u00eda ser en su zona defensiva, espec\u00edficamente la del central argentino <strong>Paolo Goltz<\/strong>, quien tendr\u00eda una oferta y el deseo para volver al futbol de su pa\u00eds.<\/p>\n<p>De acuerdo al diario R\u00e9cord, <strong>Boca Juniors<\/strong> quiere al zaguero de las <em>\u00c1guilas<\/em> para reforzar su zona baja y el futbolista desde hace muchos a\u00f1os ha tenido el sue\u00f1o de jugar para el cuadro <em>xeneize<\/em>, traspaso que en caso de concretarse recordar\u00eda lo sucedido hace no mucho con el atacante <strong>Dar\u00edo Benedetto<\/strong>, quien abandon\u00f3 a los azulcremas para llegar a <strong>Boca<\/strong>.<\/p>\n<p style=\"text-align: center;\"><a href=\"https:\/\/www.futboltotal.com.mx\/2017\/05\/moises-munoz-regresaria-al-america-apertura-2017\/\" target=\"_blank\"><span style=\"color: #333399;\">VER M\u00c1S: Mois\u00e9s Mu\u00f1oz volver\u00eda al Am\u00e9rica para el Clausura 2017<\/span><\/a><\/p>\n<p>Hace apenas un a\u00f1o, en mayo de 2016, Goltz renov\u00f3 su contrato con Am\u00e9rica por dos a\u00f1os m\u00e1s, luego de que llegara a M\u00e9xico en 2014. Por ello, al defensor le queda un a\u00f1o vinculado con las \u00c1guilas, quienes no est\u00e1n conformes con la oferta econ\u00f3mica.<\/p>\n<p style=\"text-align: center;\"><a href=\"https:\/\/www.futboltotal.com.mx\/2017\/05\/abraham-gonzalez-deja-a-pumas-por-cruz-azul\/\" target=\"_blank\"><span style=\"color: #333399;\">VER M\u00c1S: Abraham Gonz\u00e1lez, \u00bfde Pumas a Cruz Azul?<\/span><\/a><\/p>\n<p>Pese a ello, <strong>Goltz<\/strong> pedir\u00eda a la directiva del club mexicano que haga un esfuerzo para dejarlo volver a Argentina y defender a Boca, donde se reencontrar\u00eda con el t\u00e9cnico <strong>Guillermo Barros Schelotto<\/strong>, quien ya lo dirigi\u00f3 en Lan\u00fas y es el principal promotor para el arribo del zaguero.<\/p>\n<p>Paolo sigue recuper\u00e1ndose de una lesi\u00f3n que sufri\u00f3 en la jornada 10 del Clausura 2017 y espera estar listo en breve para conocer su futuro, ya sea siguiendo en la Liga MX o tomando rumbo al barrio de la Boca.<\/p>\n<p style=\"text-align: center;\"><a href=\"https:\/\/www.futboltotal.com.mx\/2017\/05\/jonathan-fabbro-acusado-abuso-sexual-a-menor-11-anos-edad\/\" target=\"_blank\"><span style=\"color: #333399;\">VER M\u00c1S: Jonathan Fabbro, acusado de abuso sexual a menor de 11 a\u00f1os<\/span><\/a><\/p>\n","protected":false},"excerpt":{"rendered":"<p>El defensa argentino del Am\u00e9rica desear\u00eda seguir su carrera de vuelta a su pa\u00eds.<\/p>\n","protected":false},"author":20,"featured_media":478347,"comment_status":"closed","ping_status":"closed","sticky":false,"template":"","format":"standard","meta":[],"categories":[7740,3839,2198,7495,3845],"tags":[5959,5996,1683,4847,64,6991],"_links":{"self":[{"href":"http:\/\/desarrollo.grupomedios.com\/futbol\/wp-json\/wp\/v2\/posts\/478346"}],"collection":[{"href":"http:\/\/desarrollo.grupomedios.com\/futbol\/wp-json\/wp\/v2\/posts"}],"about":[{"href":"http:\/\/desarrollo.grupomedios.com\/futbol\/wp-json\/wp\/v2\/types\/post"}],"author":[{"embeddable":true,"href":"http:\/\/desarrollo.grupomedios.com\/futbol\/wp-json\/wp\/v2\/users\/20"}],"replies":[{"embeddable":true,"href":"http:\/\/desarrollo.grupomedios.com\/futbol\/wp-json\/wp\/v2\/comments?post=478346"}],"version-history":[{"count":1,"href":"http:\/\/desarrollo.grupomedios.com\/futbol\/wp-json\/wp\/v2\/posts\/478346\/revisions"}],"predecessor-version":[{"id":478359,"href":"http:\/\/desarrollo.grupomedios.com\/futbol\/wp-json\/wp\/v2\/posts\/478346\/revisions\/478359"}],"wp:featuredmedia":[{"embeddable":true,"href":"http:\/\/desarrollo.grupomedios.com\/futbol\/wp-json\/wp\/v2\/media\/478347"}],"wp:attachment":[{"href":"http:\/\/desarrollo.grupomedios.com\/futbol\/wp-json\/wp\/v2\/media?parent=478346"}],"wp:term":[{"taxonomy":"category","embeddable":true,"href":"http:\/\/desarrollo.grupomedios.com\/futbol\/wp-json\/wp\/v2\/categories?post=478346"},{"taxonomy":"post_tag","embeddable":true,"href":"http:\/\/desarrollo.grupomedios.com\/futbol\/wp-json\/wp\/v2\/tags?post=478346"}],"curies":[{"name":"wp","href":"https:\/\/api.w.org\/{rel}","templated":true}]}}