{"id":478368,"date":"2017-05-10T15:47:46","date_gmt":"2017-05-10T20:47:46","guid":{"rendered":"https:\/\/www.futboltotal.com.mx\/?p=478368"},"modified":"2017-05-10T15:54:33","modified_gmt":"2017-05-10T20:54:33","slug":"real-madrid-va-a-la-final-champions","status":"publish","type":"post","link":"http:\/\/desarrollo.grupomedios.com\/futbol\/destacado-home\/real-madrid-va-a-la-final-champions\/2017\/05","title":{"rendered":"\u00a1Real Madrid va a la Final de Champions!"},"content":{"rendered":"<p>Con sufrimiento y con toda la casta de campe\u00f3n, el <strong>Real Madrid<\/strong> se clasific\u00f3 para la final de la <strong>Champions League<\/strong> 2016-17 pese a perder 2-1 en el estadio Vicente Calder\u00f3n y se enfrentar\u00e1 al <strong>Juventus<\/strong> en Cardiff el pr\u00f3ximo 3 de junio en el estadio Nacional de Gales.<\/p>\n<p>El equipo dirigido por Zinedine Zidane aprovech\u00f3 la renta obtenida en el choque de ida de las semifinales. El 3-0 que logr\u00f3 en el estadio Santiago Bernab\u00e9u fue clave para la clasificaci\u00f3n del cuadro madridista.<\/p>\n<p style=\"text-align: center;\"><a href=\"https:\/\/en-vivo.futboltotal.com.mx\/partido\/atletico-de-madrid-vs-real-madrid-semifinal-champions-league\/77\/\"><span style=\"color: #3366ff;\">VER M\u00c1S: As\u00ed se vivi\u00f3: Atl\u00e9tico 2-1 Real Madrid<\/span><\/a><\/p>\n<blockquote class=\"twitter-video\" data-lang=\"es\">\n<p dir=\"ltr\" lang=\"es\">GOOOOLLLL\u26bd\ufe0f del Atl\u00e9tico de Madrid \u26aa\ufe0f&#x1f534; Sa\u00fal \u00d1iguez de cabeza pone el 1-0 en la #ChampionsLeague #AupaAtleti pic.twitter.com\/fhtpvCFMIj<\/p>\n<p>\u2014 90 Minut\u26bd\ufe0fs M\u00e9xico (@90minutosmex2) 10 de mayo de 2017<\/p><\/blockquote>\n<p><script async src=\"\/\/platform.twitter.com\/widgets.js\" charset=\"utf-8\"><\/script><\/p>\n<p>En el choque de vuelta, para el <strong>Atl\u00e9tico de Madrid<\/strong> marc\u00f3 el 1-0 Sa\u00fal \u00d1\u00edguez con un remate de cabeza a la salida de un c\u00f3rner en el minuto 12, y el 2-0 lo consigui\u00f3 Antoine Griezmann de penalti.<\/p>\n<blockquote class=\"twitter-video\" data-lang=\"es\">\n<p dir=\"ltr\" lang=\"es\">\u00a1As\u00ed anot\u00f3 Antoine Griezmann de penal el 2-0 para el Atleti ante Real Madrid! <a href=\"https:\/\/twitter.com\/hashtag\/ChampionsRPC?src=hash\">#ChampionsRPC<\/a> <a href=\"https:\/\/twitter.com\/hashtag\/UCL?src=hash\">#UCL<\/a> <a href=\"https:\/\/t.co\/UYu7ygoKAU\">pic.twitter.com\/UYu7ygoKAU<\/a><\/p>\n<p>\u2014 Deportes RPC (@deportesrpc) <a href=\"https:\/\/twitter.com\/deportesrpc\/status\/862384831266775040\">10 de mayo de 2017<\/a><\/p><\/blockquote>\n<p><script async src=\"\/\/platform.twitter.com\/widgets.js\" charset=\"utf-8\"><\/script><\/p>\n<p>Pero justo antes del descanso, en el minuto 42, <strong>Isco Alarc\u00f3n<\/strong> hizo el 2-1 definitivo tras una preciosa jugada de Karim Benzema, que sell\u00f3 el billete blanco hacia Cardiff y que fue su primer gol en la competici\u00f3n.<\/p>\n<p>El Real Madrid ahora est\u00e1 en su decimoquinta Final de la UCL, en busca de la d\u00e9cimo segunda <em>Orejona\u00a0<\/em>y en busca de ser el primer club que consigue ser bicampe\u00f3n de la Champions League bajo el nuevo formato.<\/p>\n<blockquote class=\"twitter-video\" data-lang=\"es\">\n<p dir=\"ltr\" lang=\"es\">GOOOOLLLL\u26bd\ufe0f del Real Madrid Isco le devuelve vida a los del Santiago Bernab\u00e9u 1-2 en la <a href=\"https:\/\/twitter.com\/hashtag\/ChampionsLeague?src=hash\">#ChampionsLeague<\/a> <a href=\"https:\/\/twitter.com\/hashtag\/HalaMadrid?src=hash\">#HalaMadrid<\/a> <a href=\"https:\/\/t.co\/reKtnM1XrF\">pic.twitter.com\/reKtnM1XrF<\/a><\/p>\n<p>\u2014 90 Minut\u26bd\ufe0fs M\u00e9xico (@90minutosmex2) <a href=\"https:\/\/twitter.com\/90minutosmex2\/status\/862397102617264128\">10 de mayo de 2017<\/a><\/p><\/blockquote>\n<p><script async src=\"\/\/platform.twitter.com\/widgets.js\" charset=\"utf-8\"><\/script><\/p>\n","protected":false},"excerpt":{"rendered":"<p>Los Blancos vencen con global 4-2 al Atl\u00e9tico y defender\u00e1n el t\u00edtulo ante Juventus. <\/p>\n","protected":false},"author":20,"featured_media":478373,"comment_status":"closed","ping_status":"closed","sticky":false,"template":"","format":"standard","meta":[],"categories":[3841,5,3839],"tags":[6007,8581,5988],"_links":{"self":[{"href":"http:\/\/desarrollo.grupomedios.com\/futbol\/wp-json\/wp\/v2\/posts\/478368"}],"collection":[{"href":"http:\/\/desarrollo.grupomedios.com\/futbol\/wp-json\/wp\/v2\/posts"}],"about":[{"href":"http:\/\/desarrollo.grupomedios.com\/futbol\/wp-json\/wp\/v2\/types\/post"}],"author":[{"embeddable":true,"href":"http:\/\/desarrollo.grupomedios.com\/futbol\/wp-json\/wp\/v2\/users\/20"}],"replies":[{"embeddable":true,"href":"http:\/\/desarrollo.grupomedios.com\/futbol\/wp-json\/wp\/v2\/comments?post=478368"}],"version-history":[{"count":4,"href":"http:\/\/desarrollo.grupomedios.com\/futbol\/wp-json\/wp\/v2\/posts\/478368\/revisions"}],"predecessor-version":[{"id":478398,"href":"http:\/\/desarrollo.grupomedios.com\/futbol\/wp-json\/wp\/v2\/posts\/478368\/revisions\/478398"}],"wp:featuredmedia":[{"embeddable":true,"href":"http:\/\/desarrollo.grupomedios.com\/futbol\/wp-json\/wp\/v2\/media\/478373"}],"wp:attachment":[{"href":"http:\/\/desarrollo.grupomedios.com\/futbol\/wp-json\/wp\/v2\/media?parent=478368"}],"wp:term":[{"taxonomy":"category","embeddable":true,"href":"http:\/\/desarrollo.grupomedios.com\/futbol\/wp-json\/wp\/v2\/categories?post=478368"},{"taxonomy":"post_tag","embeddable":true,"href":"http:\/\/desarrollo.grupomedios.com\/futbol\/wp-json\/wp\/v2\/tags?post=478368"}],"curies":[{"name":"wp","href":"https:\/\/api.w.org\/{rel}","templated":true}]}}