{"id":478405,"date":"2017-05-10T16:15:05","date_gmt":"2017-05-10T21:15:05","guid":{"rendered":"https:\/\/www.futboltotal.com.mx\/?p=478405"},"modified":"2017-05-10T16:15:05","modified_gmt":"2017-05-10T21:15:05","slug":"zizinho-acepta-ofertas-jonathan-dos-santos-afirma-saldria-del-villarreal","status":"publish","type":"post","link":"http:\/\/desarrollo.grupomedios.com\/futbol\/futbol-internacional\/zizinho-acepta-ofertas-jonathan-dos-santos-afirma-saldria-del-villarreal\/2017\/05","title":{"rendered":"\u00a1Zizinho acepta que Jonathan dos Santos saldr\u00eda del Villarreal!"},"content":{"rendered":"<p>En una entrevista, el padre de Giovani y <strong>Jonathan dos Santos<\/strong>, Zizinho, acept\u00f3 que existen ofertas por su hijo menor, as\u00ed que, pese a que el contrato del mediocampista con <strong>Villarreal<\/strong>, concluye hasta 2019, dejar\u00eda las filas del Submarino Amarillo al final de esta temporada.<\/p>\n<p>\u201cS\u00e9 que hay inter\u00e9s de otros equipos, pero hasta que no acabe la temporada no nos sentaremos a hablar con el <strong>Villarreal<\/strong>\u201d, indic\u00f3 <strong>Zizinho<\/strong>, en charla con el peri\u00f3dico Mediterr\u00e1neo, medio que alab\u00f3 el rendimiento de Jonathan dos Santos en el <em>Submarino Amarillo<\/em>, pues es el futbolista con m\u00e1s encuentross disputados en el club.<\/p>\n<p style=\"text-align: center;\"><span style=\"color: #3366ff;\"><a style=\"color: #3366ff;\" href=\"https:\/\/www.futboltotal.com.mx\/2017\/05\/futbol-estufa-rumores-y-fichajes-rumbo-al-apertura-2017-la-liga-mx\/\" target=\"_blank\"><strong>VER M\u00c1S: Futbol de Estufa | Rumbo al Apertura 2017<\/strong><\/a><\/span><\/p>\n<p>El padre de Jona, aclara que aunque el mediocampista ha rendido cuentas con <strong>Villarreal<\/strong> y se siente c\u00f3modo, adem\u00e1s de que es considerado como indispensable; no puede dejar pasar ofertas interesantes.<\/p>\n<p>&#8220;Como ejemplo podemos nombrar a Pato, que estaba muy feliz en el club, como lo est\u00e1 Jonathan, pero si viene una oferta que convence a todos\u2026\u201d, explic\u00f3 el progenitor de <strong>Jonathan dos Santos<\/strong>.<\/p>\n<p style=\"text-align: center;\"><span style=\"color: #3366ff;\"><a style=\"color: #3366ff;\" href=\"https:\/\/www.futboltotal.com.mx\/2017\/05\/anuncian-horarios-juegos-del-tri-en-junio\/\" target=\"_blank\"><strong>VER M\u00c1S: Jona y el Tri ya tienen horarios para juegos de junio<\/strong><\/a><\/span><\/p>\n<p style=\"text-align: center;\"><a href=\"https:\/\/www.futboltotal.com.mx\/wp-content\/uploads\/2017\/05\/jona-dos-santos-interesados.jpg\"><img decoding=\"async\" loading=\"lazy\" class=\"alignnone size-full wp-image-478408\" src=\"https:\/\/www.futboltotal.com.mx\/wp-content\/uploads\/2017\/05\/jona-dos-santos-interesados.jpg\" alt=\"\u00a1Zizinho acepta que Jonathan dos Santos saldr\u00eda del Villarreal! 0\" srcset=\"http:\/\/desarrollo.grupomedios.com\/futbol\/wp-content\/uploads\/2017\/05\/jona-dos-santos-interesados.jpg 1136w, http:\/\/desarrollo.grupomedios.com\/futbol\/wp-content\/uploads\/2017\/05\/jona-dos-santos-interesados-300x169.jpg 300w, http:\/\/desarrollo.grupomedios.com\/futbol\/wp-content\/uploads\/2017\/05\/jona-dos-santos-interesados-768x432.jpg 768w, http:\/\/desarrollo.grupomedios.com\/futbol\/wp-content\/uploads\/2017\/05\/jona-dos-santos-interesados-1024x576.jpg 1024w, http:\/\/desarrollo.grupomedios.com\/futbol\/wp-content\/uploads\/2017\/05\/jona-dos-santos-interesados-317x178.jpg 317w, http:\/\/desarrollo.grupomedios.com\/futbol\/wp-content\/uploads\/2017\/05\/jona-dos-santos-interesados-535x301.jpg 535w, http:\/\/desarrollo.grupomedios.com\/futbol\/wp-content\/uploads\/2017\/05\/jona-dos-santos-interesados-374x210.jpg 374w\" sizes=\"(max-width: 1136px) 100vw, 1136px\" \/><\/a><\/p>\n<p><strong>S\u00edguenos en Twitter:<\/strong> <a href=\"https:\/\/twitter.com\/MXFutbolTotal\" target=\"_blank\">@MXFutbolTotal<\/a><\/p>\n","protected":false},"excerpt":{"rendered":"<p>Pese a ser considerado pieza clave en el Submarino Amarillo, Jona saldr\u00eda del club.<\/p>\n","protected":false},"author":20,"featured_media":478409,"comment_status":"closed","ping_status":"closed","sticky":false,"template":"","format":"standard","meta":[],"categories":[3839,6718],"tags":[6214,48,2607],"_links":{"self":[{"href":"http:\/\/desarrollo.grupomedios.com\/futbol\/wp-json\/wp\/v2\/posts\/478405"}],"collection":[{"href":"http:\/\/desarrollo.grupomedios.com\/futbol\/wp-json\/wp\/v2\/posts"}],"about":[{"href":"http:\/\/desarrollo.grupomedios.com\/futbol\/wp-json\/wp\/v2\/types\/post"}],"author":[{"embeddable":true,"href":"http:\/\/desarrollo.grupomedios.com\/futbol\/wp-json\/wp\/v2\/users\/20"}],"replies":[{"embeddable":true,"href":"http:\/\/desarrollo.grupomedios.com\/futbol\/wp-json\/wp\/v2\/comments?post=478405"}],"version-history":[{"count":1,"href":"http:\/\/desarrollo.grupomedios.com\/futbol\/wp-json\/wp\/v2\/posts\/478405\/revisions"}],"predecessor-version":[{"id":478411,"href":"http:\/\/desarrollo.grupomedios.com\/futbol\/wp-json\/wp\/v2\/posts\/478405\/revisions\/478411"}],"wp:featuredmedia":[{"embeddable":true,"href":"http:\/\/desarrollo.grupomedios.com\/futbol\/wp-json\/wp\/v2\/media\/478409"}],"wp:attachment":[{"href":"http:\/\/desarrollo.grupomedios.com\/futbol\/wp-json\/wp\/v2\/media?parent=478405"}],"wp:term":[{"taxonomy":"category","embeddable":true,"href":"http:\/\/desarrollo.grupomedios.com\/futbol\/wp-json\/wp\/v2\/categories?post=478405"},{"taxonomy":"post_tag","embeddable":true,"href":"http:\/\/desarrollo.grupomedios.com\/futbol\/wp-json\/wp\/v2\/tags?post=478405"}],"curies":[{"name":"wp","href":"https:\/\/api.w.org\/{rel}","templated":true}]}}