{"id":478414,"date":"2017-05-10T15:30:52","date_gmt":"2017-05-10T20:30:52","guid":{"rendered":"https:\/\/www.futboltotal.com.mx\/?p=478414"},"modified":"2017-05-10T16:53:26","modified_gmt":"2017-05-10T21:53:26","slug":"cardozo-dejo-tecnico-del-puebla","status":"publish","type":"post","link":"http:\/\/desarrollo.grupomedios.com\/futbol\/destacado-home\/cardozo-dejo-tecnico-del-puebla\/2017\/05","title":{"rendered":"Cardozo dej\u00f3 de ser t\u00e9cnico del Puebla"},"content":{"rendered":"<p>El director t\u00e9cnico paraguayo, <strong>Jos\u00e9 Saturnino Cardozo<\/strong>, confirm\u00f3 este mi\u00e9rcoles que no seguir\u00e1 dirigiendo al Puebla para el pr\u00f3ximo Apertura 2017.<\/p>\n<blockquote><p>&#8220;Esto es de resultados. La gente, directiva y afici\u00f3n piensa que somos magos, y solo somos entrenadores\u201d, declar\u00f3 el entrenador a <em>TDN.<\/em><\/p><\/blockquote>\n<p style=\"text-align: center;\"><span style=\"color: #3366ff;\"><a style=\"color: #3366ff;\" href=\"https:\/\/www.futboltotal.com.mx\/2017\/05\/futbol-estufa-rumores-y-fichajes-rumbo-al-apertura-2017-la-liga-mx\/\">VER M\u00c1S: Futbol de Estufa | Apertura 2017<\/a><\/span><\/p>\n<p><strong>Cardozo<\/strong> revel\u00f3 que los dirigentes del equipo le notificaron que &#8220;el equipo est\u00e1 en venta&#8221;, por lo que no podr\u00e1 renovar contrato, independientemente de que haya logrado que el equipo evitar\u00e1 el descenso.<\/p>\n<p>El timonel admiti\u00f3 que la directiva del Puebla &#8220;tiene adeudos con la plantilla&#8221;; sin embargo confi\u00f3 en que le entreguen cuentas claras tal y como sucedi\u00f3 cuando dirigi\u00f3 a Jaguares de Chiapas.<\/p>\n<p><strong>Cardozo<\/strong> relev\u00f3 a Ricardo Vali\u00f1o tras cinco fechas del Clausura 2017. Dirigi\u00f3 12 partidos en los que consigui\u00f3 cuatro victorias, tres empates y cinco derrotas, mismas que valieron para que la Franja sellara la permanencia pese a que termin\u00f3 en el sitio 15 de la clasificaci\u00f3n.<\/p>\n<p>El <em>guaran\u00ed<\/em> confi\u00f3 en que pronto regrese a los banquillos y puntualiz\u00f3 que tiene intenci\u00f3n de dirigir a la selecci\u00f3n paraguaya: &#8220;tarde o temprano llegar\u00e1 la oportunidad&#8221;.<\/p>\n","protected":false},"excerpt":{"rendered":"<p>La Franja cambiar\u00e1 de due\u00f1o y el timonel espera otra oportunidad en el banquillo. <\/p>\n","protected":false},"author":20,"featured_media":478423,"comment_status":"closed","ping_status":"closed","sticky":false,"template":"","format":"standard","meta":[],"categories":[5,2198,3845],"tags":[1274,5969],"_links":{"self":[{"href":"http:\/\/desarrollo.grupomedios.com\/futbol\/wp-json\/wp\/v2\/posts\/478414"}],"collection":[{"href":"http:\/\/desarrollo.grupomedios.com\/futbol\/wp-json\/wp\/v2\/posts"}],"about":[{"href":"http:\/\/desarrollo.grupomedios.com\/futbol\/wp-json\/wp\/v2\/types\/post"}],"author":[{"embeddable":true,"href":"http:\/\/desarrollo.grupomedios.com\/futbol\/wp-json\/wp\/v2\/users\/20"}],"replies":[{"embeddable":true,"href":"http:\/\/desarrollo.grupomedios.com\/futbol\/wp-json\/wp\/v2\/comments?post=478414"}],"version-history":[{"count":2,"href":"http:\/\/desarrollo.grupomedios.com\/futbol\/wp-json\/wp\/v2\/posts\/478414\/revisions"}],"predecessor-version":[{"id":478425,"href":"http:\/\/desarrollo.grupomedios.com\/futbol\/wp-json\/wp\/v2\/posts\/478414\/revisions\/478425"}],"wp:featuredmedia":[{"embeddable":true,"href":"http:\/\/desarrollo.grupomedios.com\/futbol\/wp-json\/wp\/v2\/media\/478423"}],"wp:attachment":[{"href":"http:\/\/desarrollo.grupomedios.com\/futbol\/wp-json\/wp\/v2\/media?parent=478414"}],"wp:term":[{"taxonomy":"category","embeddable":true,"href":"http:\/\/desarrollo.grupomedios.com\/futbol\/wp-json\/wp\/v2\/categories?post=478414"},{"taxonomy":"post_tag","embeddable":true,"href":"http:\/\/desarrollo.grupomedios.com\/futbol\/wp-json\/wp\/v2\/tags?post=478414"}],"curies":[{"name":"wp","href":"https:\/\/api.w.org\/{rel}","templated":true}]}}