{"id":478422,"date":"2017-05-10T16:56:55","date_gmt":"2017-05-10T21:56:55","guid":{"rendered":"https:\/\/www.futboltotal.com.mx\/?p=478422"},"modified":"2017-05-10T16:56:55","modified_gmt":"2017-05-10T21:56:55","slug":"wayne-rooney-confiesa-podria-dejar-al-manchester-united","status":"publish","type":"post","link":"http:\/\/desarrollo.grupomedios.com\/futbol\/futbol-internacional\/wayne-rooney-confiesa-podria-dejar-al-manchester-united\/2017\/05","title":{"rendered":"Rooney confiesa que podr\u00eda dejar al Manchester United"},"content":{"rendered":"<p><strong>Wayne Rooney<\/strong> ha dejado este mi\u00e9rcoles la puerta abierta a abandonar el pr\u00f3ximo verano el <strong>Manchester United<\/strong> despu\u00e9s de casi tres lustros en Old Trafford.<\/p>\n<p><strong>Rooney<\/strong>, m\u00e1ximo goleador hist\u00f3rico de los <em>Diablos Rojos<\/em>, ha perdido protagonismo desde la llegada de Jos\u00e9 Mourinho al banquillo del United, qued\u00e1ndose en numerosas ocasiones no s\u00f3lo fuera del once inicial, sino tambi\u00e9n de la convocatoria.<\/p>\n<blockquote><p>&#8220;\u00bfSi me gustar\u00eda quedarme? Llevo 13 a\u00f1os en este club, pero quiero jugar al f\u00fatbol&#8221;, respondi\u00f3 el internacional ingl\u00e9s al ser preguntado sobre su futuro. &#8220;\u00bfQuedarme aqu\u00ed? Desde luego. En el f\u00fatbol todo cambia y hay muchos desaf\u00edos, pero esta temporada no he jugado tanto como me gustar\u00eda&#8221;, a\u00f1adi\u00f3.<\/p>\n<p>&#8220;He intentado ayudar al equipo tanto fuera como dentro del terreno de juego. Sin embargo, yo quiero jugar al f\u00fatbol. Cuando m\u00e1s juegue, mejor me siento y m\u00e1s creo que puedo contribuir&#8221;, se\u00f1al\u00f3 <strong>Rooney<\/strong>.<\/p><\/blockquote>\n<p style=\"text-align: center;\"><span style=\"color: #3366ff;\"><a style=\"color: #3366ff;\" href=\"https:\/\/www.futboltotal.com.mx\/2017\/05\/la-volpe-asegura-tenia-a-los-jugadores-idoneos-campeon\/\">VER M\u00c1S: La Volpe asegura que no ten\u00eda a los jugadores id\u00f3neos para ser campe\u00f3n<\/a><\/span><\/p>\n<p>El veterano futbolista ingl\u00e9s, de 31 a\u00f1os, arrib\u00f3 a Old Trafford en agosto de 2004 procedente del Everton, y con la camiseta del United ha levantado cinco t\u00edtulos de Premier League, una Liga de Campeones, una FA Cup, tres Copas de la Liga y un Mundialito de Clubes.<\/p>\n<blockquote><p>&#8220;Mi atenci\u00f3n est\u00e1 \u00fanicamente en intentar ayudar al equipo a ganar esta final (de la Europa League). Es una grand\u00edsima oportunidad para levantar un t\u00edtulo europeo&#8221;, asegur\u00f3, en la rueda de prensa previa al duelo del jueves con el Celta.<\/p>\n<p>&#8220;Es muy importante estar de vuelta en la Champions League. Este club merece estar en esa competici\u00f3n. Si somos realistas, sabemos que va a ser dif\u00edcil conseguirlo por nuestra posici\u00f3n en la liga -el United es sexto-, por lo que debemos concentrarnos en ganar la Europa League&#8221;, sostuvo. EFE<\/p>\n<p style=\"text-align: center;\"><span style=\"color: #3366ff;\"><a style=\"color: #3366ff;\" href=\"https:\/\/www.futboltotal.com.mx\/2017\/05\/abraham-gonzalez-deja-a-pumas-por-cruz-azul\/\">VER M\u00c1S: Abraham Gonz\u00e1lez, \u00bfde Pumas a Cruz Azul?<\/a><\/span><\/p>\n<\/blockquote>\n","protected":false},"excerpt":{"rendered":"<p>Rooney podr\u00eda llegar a la MLS.<\/p>\n","protected":false},"author":144,"featured_media":452320,"comment_status":"closed","ping_status":"closed","sticky":false,"template":"","format":"standard","meta":[],"categories":[3839],"tags":[43,6051],"_links":{"self":[{"href":"http:\/\/desarrollo.grupomedios.com\/futbol\/wp-json\/wp\/v2\/posts\/478422"}],"collection":[{"href":"http:\/\/desarrollo.grupomedios.com\/futbol\/wp-json\/wp\/v2\/posts"}],"about":[{"href":"http:\/\/desarrollo.grupomedios.com\/futbol\/wp-json\/wp\/v2\/types\/post"}],"author":[{"embeddable":true,"href":"http:\/\/desarrollo.grupomedios.com\/futbol\/wp-json\/wp\/v2\/users\/144"}],"replies":[{"embeddable":true,"href":"http:\/\/desarrollo.grupomedios.com\/futbol\/wp-json\/wp\/v2\/comments?post=478422"}],"version-history":[{"count":1,"href":"http:\/\/desarrollo.grupomedios.com\/futbol\/wp-json\/wp\/v2\/posts\/478422\/revisions"}],"predecessor-version":[{"id":478426,"href":"http:\/\/desarrollo.grupomedios.com\/futbol\/wp-json\/wp\/v2\/posts\/478422\/revisions\/478426"}],"wp:featuredmedia":[{"embeddable":true,"href":"http:\/\/desarrollo.grupomedios.com\/futbol\/wp-json\/wp\/v2\/media\/452320"}],"wp:attachment":[{"href":"http:\/\/desarrollo.grupomedios.com\/futbol\/wp-json\/wp\/v2\/media?parent=478422"}],"wp:term":[{"taxonomy":"category","embeddable":true,"href":"http:\/\/desarrollo.grupomedios.com\/futbol\/wp-json\/wp\/v2\/categories?post=478422"},{"taxonomy":"post_tag","embeddable":true,"href":"http:\/\/desarrollo.grupomedios.com\/futbol\/wp-json\/wp\/v2\/tags?post=478422"}],"curies":[{"name":"wp","href":"https:\/\/api.w.org\/{rel}","templated":true}]}}