{"id":478427,"date":"2017-05-10T17:23:21","date_gmt":"2017-05-10T22:23:21","guid":{"rendered":"https:\/\/www.futboltotal.com.mx\/?p=478427"},"modified":"2017-05-10T17:57:14","modified_gmt":"2017-05-10T22:57:14","slug":"pumas-se-desmantela-oficial-la-salida-abraham-gonzalez","status":"publish","type":"post","link":"http:\/\/desarrollo.grupomedios.com\/futbol\/destacado-home\/pumas-se-desmantela-oficial-la-salida-abraham-gonzalez\/2017\/05","title":{"rendered":"\u00a1Pumas se desmantela! Es oficial la salida de Abraham Gonz\u00e1lez"},"content":{"rendered":"<p>Las salidas en el plantel de <strong>Pumas<\/strong> siguen a la orden del d\u00eda apenas a unos d\u00edas de que concluyera su participaci\u00f3n en el torneo <strong>Clausura 2017<\/strong>. Luego de que se anunciara que los referentes <strong>Dar\u00edo Ver\u00f3n<\/strong> y <strong>Alejandro <em>Pikol\u00edn<\/em> Palacios<\/strong> no continuar\u00e1n en el equipo, el espa\u00f1ol <strong>Abraham Gonz\u00e1lez<\/strong> es la tercera baja del cuadro auriazul, anunciada por el propio futbolista.<\/p>\n<p>&#8220;Se acab\u00f3 mi ciclo. Me da pena porque fui muy feliz en <strong>Pumas<\/strong>, estoy muy agradecido con la afici\u00f3n, los trabajadores del club, con quienes estaban con nosotros d\u00eda a d\u00eda, la verdad es que es una pena porque es gente buena y sobre todo los compa\u00f1eros que desde el primer d\u00eda me hicieron sentir como si estuviera en mi casa&#8221;, dijo el ib\u00e9rico en entrevista para el diario R\u00e9cord.<\/p>\n<p style=\"text-align: center;\"><span style=\"color: #3366ff;\"><a style=\"color: #3366ff;\" href=\"https:\/\/www.futboltotal.com.mx\/2017\/05\/cardozo-dejo-tecnico-del-puebla\/\" target=\"_blank\">VER M\u00c1S: Cardozo dej\u00f3 de ser t\u00e9cnico del Puebla<\/a><\/span><\/p>\n<p>Gonz\u00e1lez, quien en su momento lleg\u00f3 al equipo felino junto a su compatriota Sa\u00fal Berj\u00f3n, acepta que las cosas no se le dieron a los Pumas en el actual semestre, contrario a lo sucedido en el primer torneo del espa\u00f1ol en M\u00e9xico.<\/p>\n<p>\u201cEstuve 10 meses en <strong>Pumas<\/strong>, pero la verdad es que los \u00faltimos empa\u00f1an un poco porque en resultados y en imagen se acab\u00f3 un poco mal, pero el balance que yo har\u00eda de todo mi a\u00f1o es que el primer torneo fue muy bueno y el segundo hasta la Jornada 10 y 11 est\u00e1bamos jugando bien e incluso en <strong>Liguilla<\/strong>, pero los \u00faltimos dos meses entran en la normalidad del futbol porque son rachas, no nos sal\u00edan las cosas, no hab\u00eda resultados, y lo empa\u00f1a porque la gente se queda siempre con el final y es la imagen que queda, pero el primer torneo fue bueno y no hay que olvidarlo\u201d, a\u00f1adi\u00f3 el mediocampista.<\/p>\n<p>Abraham Gonz\u00e1lez se tomar\u00e1 unas vacaciones en su pa\u00eds, para m\u00e1s adelante tomar una decisi\u00f3n sobre el futuro de su carrera. Los <span style=\"color: #333399;\"><a style=\"color: #333399;\" href=\"https:\/\/www.futboltotal.com.mx\/2017\/05\/abraham-gonzalez-deja-a-pumas-por-cruz-azul\/\" target=\"_blank\">\u00faltimos rumores apuntan a que se convertir\u00eda en jugador del Cruz Azul<\/a><\/span>. Adem\u00e1s, el espa\u00f1ol public\u00f3 una emotiva carta de despedida.<\/p>\n<p style=\"text-align: center;\"><span style=\"color: #3366ff;\"><a style=\"color: #3366ff;\" href=\"https:\/\/www.futboltotal.com.mx\/2017\/05\/cruz-azul-anuncio-lista-preliminar-transferibles\/\" target=\"_blank\">VER M\u00c1S: \u00a1Cruz Azul anunci\u00f3 su lista preliminar de transferibles!<\/a><\/span><\/p>\n<blockquote class=\"twitter-tweet\" data-lang=\"es\">\n<p dir=\"ltr\" lang=\"es\">A toda la afici\u00f3n universitaria &#x1f44a;&#x1f3fc;<a href=\"https:\/\/twitter.com\/hashtag\/AbrahamG10?src=hash\">#AbrahamG10<\/a> <a href=\"https:\/\/t.co\/DAqVNF9vGc\">pic.twitter.com\/DAqVNF9vGc<\/a><\/p>\n<p>\u2014 Abraham Gonzalez (@abrahamgc10) <a href=\"https:\/\/twitter.com\/abrahamgc10\/status\/862429399286784004\">10 de mayo de 2017<\/a><\/p><\/blockquote>\n<p><script async src=\"\/\/platform.twitter.com\/widgets.js\" charset=\"utf-8\"><\/script><\/p>\n","protected":false},"excerpt":{"rendered":"<p>El jugador espa\u00f1ol de los Pumas anunci\u00f3 que termin\u00f3 su ciclo con el equipo auriazul.<\/p>\n","protected":false},"author":20,"featured_media":478430,"comment_status":"closed","ping_status":"closed","sticky":false,"template":"","format":"standard","meta":[],"categories":[5,7740,2198,3845],"tags":[8582,5962,4847,74,5976],"_links":{"self":[{"href":"http:\/\/desarrollo.grupomedios.com\/futbol\/wp-json\/wp\/v2\/posts\/478427"}],"collection":[{"href":"http:\/\/desarrollo.grupomedios.com\/futbol\/wp-json\/wp\/v2\/posts"}],"about":[{"href":"http:\/\/desarrollo.grupomedios.com\/futbol\/wp-json\/wp\/v2\/types\/post"}],"author":[{"embeddable":true,"href":"http:\/\/desarrollo.grupomedios.com\/futbol\/wp-json\/wp\/v2\/users\/20"}],"replies":[{"embeddable":true,"href":"http:\/\/desarrollo.grupomedios.com\/futbol\/wp-json\/wp\/v2\/comments?post=478427"}],"version-history":[{"count":2,"href":"http:\/\/desarrollo.grupomedios.com\/futbol\/wp-json\/wp\/v2\/posts\/478427\/revisions"}],"predecessor-version":[{"id":478436,"href":"http:\/\/desarrollo.grupomedios.com\/futbol\/wp-json\/wp\/v2\/posts\/478427\/revisions\/478436"}],"wp:featuredmedia":[{"embeddable":true,"href":"http:\/\/desarrollo.grupomedios.com\/futbol\/wp-json\/wp\/v2\/media\/478430"}],"wp:attachment":[{"href":"http:\/\/desarrollo.grupomedios.com\/futbol\/wp-json\/wp\/v2\/media?parent=478427"}],"wp:term":[{"taxonomy":"category","embeddable":true,"href":"http:\/\/desarrollo.grupomedios.com\/futbol\/wp-json\/wp\/v2\/categories?post=478427"},{"taxonomy":"post_tag","embeddable":true,"href":"http:\/\/desarrollo.grupomedios.com\/futbol\/wp-json\/wp\/v2\/tags?post=478427"}],"curies":[{"name":"wp","href":"https:\/\/api.w.org\/{rel}","templated":true}]}}