{"id":478433,"date":"2017-05-10T17:51:23","date_gmt":"2017-05-10T22:51:23","guid":{"rendered":"https:\/\/www.futboltotal.com.mx\/?p=478433"},"modified":"2017-05-10T17:51:23","modified_gmt":"2017-05-10T22:51:23","slug":"cristiano-calla-a-la-aficion-del-atleti-nino-torres-la-defiende","status":"publish","type":"post","link":"http:\/\/desarrollo.grupomedios.com\/futbol\/videos\/cristiano-calla-a-la-aficion-del-atleti-nino-torres-la-defiende\/2017\/05","title":{"rendered":"Cristiano calla a la afici\u00f3n del Atleti; Ni\u00f1o Torres la defiende"},"content":{"rendered":"<p>El portugu\u00e9s <strong>Cristiano Ronaldo<\/strong> mand\u00f3 callar a la grada del estadio Vicente Calder\u00f3n en la celebraci\u00f3n del gol de Isco Alarc\u00f3n, que fren\u00f3 en seco el intento de remontada del Atl\u00e9tico de Madrid en la vuelta de las semifinales de la Liga de Campeones.<\/p>\n<p>Mientras Isco celebraba su tanto a los 42 minutos del partido, dirigi\u00e9ndose a la zona donde estaba Karim Benzema, que hab\u00eda protagonizado una jugada espectacular pegado a l\u00ednea de fondo, <strong>Cristiano Ronaldo<\/strong>, en carrera hacia sus compa\u00f1eros, mir\u00f3 a la grada del Calder\u00f3n y se llev\u00f3 el dedo \u00edndice a la boca.<\/p>\n<p style=\"text-align: center;\"><span style=\"color: #3366ff;\"><a style=\"color: #3366ff;\" href=\"https:\/\/www.futboltotal.com.mx\/2017\/05\/pachuca-tendra-a-lainez-una-refuerzo-europeo-mundial-clubes\/\" target=\"_blank\"><strong>VER M\u00c1S: Pachuca tendr\u00e1 a refuerzo europeo para Mundial de Clubes<\/strong><\/a><\/span><\/p>\n<p>Tras la celebraci\u00f3n madridista, el delantero del Atl\u00e9tico de Madrid, <strong>Fernando Torres<\/strong> reprendi\u00f3 a <strong>Cristiano Ronaldo<\/strong> por su gesto, acerc\u00e1ndose a \u00e9l y habl\u00e1ndole con rostro muy serio al o\u00eddo, para despu\u00e9s, comenzar a empujarlo.<\/p>\n<blockquote class=\"twitter-video\" data-lang=\"es\">\n<p dir=\"ltr\" lang=\"es\">Cristiano suelta algo y tu nos defiendes. Siempre en mi equipo <a href=\"https:\/\/twitter.com\/Torres\">@Torres<\/a> <a href=\"https:\/\/t.co\/NInGDZFlXE\">pic.twitter.com\/NInGDZFlXE<\/a><\/p>\n<p>\u2014 Castillo (@JORGE9CASTILLO) <a href=\"https:\/\/twitter.com\/JORGE9CASTILLO\/status\/862392713710317568\">10 de mayo de 2017<\/a><\/p><\/blockquote>\n<p><script async src=\"\/\/platform.twitter.com\/widgets.js\" charset=\"utf-8\"><\/script><\/p>\n<p style=\"text-align: center;\"><span style=\"color: #3366ff;\"><a style=\"color: #3366ff;\" href=\"https:\/\/en-vivo.futboltotal.com.mx\/partido\/atletico-de-madrid-vs-real-madrid-semifinal-champions-league\/77\/\" target=\"_blank\"><strong>VER M\u00c1S: AS\u00cd SE VIVI\u00d3 | Atl\u00e9tico de Madrid 2-1 Real Madrid<\/strong><\/a><\/span><\/p>\n<p><strong>S\u00edguenos en Twitter:<\/strong> <a href=\"https:\/\/twitter.com\/MXFutbolTotal\" target=\"_blank\">@MXFutbolTotal<\/a><\/p>\n","protected":false},"excerpt":{"rendered":"<p>Los delanteros de Atl\u00e9tico de Madrid y Real Madrid, protagonizaron un pleito que casi llega a los golpes.<\/p>\n","protected":false},"author":20,"featured_media":478434,"comment_status":"closed","ping_status":"closed","sticky":false,"template":"","format":"standard","meta":[],"categories":[3841,3839,4,6433],"tags":[6007,36,6017,5988],"_links":{"self":[{"href":"http:\/\/desarrollo.grupomedios.com\/futbol\/wp-json\/wp\/v2\/posts\/478433"}],"collection":[{"href":"http:\/\/desarrollo.grupomedios.com\/futbol\/wp-json\/wp\/v2\/posts"}],"about":[{"href":"http:\/\/desarrollo.grupomedios.com\/futbol\/wp-json\/wp\/v2\/types\/post"}],"author":[{"embeddable":true,"href":"http:\/\/desarrollo.grupomedios.com\/futbol\/wp-json\/wp\/v2\/users\/20"}],"replies":[{"embeddable":true,"href":"http:\/\/desarrollo.grupomedios.com\/futbol\/wp-json\/wp\/v2\/comments?post=478433"}],"version-history":[{"count":1,"href":"http:\/\/desarrollo.grupomedios.com\/futbol\/wp-json\/wp\/v2\/posts\/478433\/revisions"}],"predecessor-version":[{"id":478435,"href":"http:\/\/desarrollo.grupomedios.com\/futbol\/wp-json\/wp\/v2\/posts\/478433\/revisions\/478435"}],"wp:featuredmedia":[{"embeddable":true,"href":"http:\/\/desarrollo.grupomedios.com\/futbol\/wp-json\/wp\/v2\/media\/478434"}],"wp:attachment":[{"href":"http:\/\/desarrollo.grupomedios.com\/futbol\/wp-json\/wp\/v2\/media?parent=478433"}],"wp:term":[{"taxonomy":"category","embeddable":true,"href":"http:\/\/desarrollo.grupomedios.com\/futbol\/wp-json\/wp\/v2\/categories?post=478433"},{"taxonomy":"post_tag","embeddable":true,"href":"http:\/\/desarrollo.grupomedios.com\/futbol\/wp-json\/wp\/v2\/tags?post=478433"}],"curies":[{"name":"wp","href":"https:\/\/api.w.org\/{rel}","templated":true}]}}