{"id":478562,"date":"2017-05-11T12:44:46","date_gmt":"2017-05-11T17:44:46","guid":{"rendered":"https:\/\/www.futboltotal.com.mx\/?p=478562"},"modified":"2017-05-11T12:44:13","modified_gmt":"2017-05-11T17:44:13","slug":"union-madeira-denuncio-a-gudino-amano","status":"publish","type":"post","link":"http:\/\/desarrollo.grupomedios.com\/futbol\/destacado-home\/union-madeira-denuncio-a-gudino-amano\/2017\/05","title":{"rendered":"Uni\u00f3n de Madeira denunciar\u00e1 a Gudi\u00f1o por ama\u00f1o"},"content":{"rendered":"<p>El portero mexicano <strong>Ra\u00fal Gudi\u00f1o<\/strong> se encuentra en problemas, pues tras las acusaciones que hizo el ex t\u00e9cnico del Uni\u00f3n de Madeira sobre el posible ama\u00f1o de partidos, el portero tendr\u00e1 que enfrentar a la justicia y ser\u00e1 investigado por las autoridades portuguesas.<\/p>\n<p>Seg\u00fan informa el diario portug\u00e9s <em>O Jogo<\/em>, el <strong>Uni\u00f3n de Madeira<\/strong> planea denunciarlo ante las autoridades y estar\u00edan plane\u00e1ndolo en los pr\u00f3ximos d\u00edas, as\u00ed lo inform\u00f3 el presidente Filipe Silva.<\/p>\n<p>&#8220;Estamos interesados en la investigaci\u00f3n y tenemos la responsabilidad de determinar la verdad\u201d. Hace unos d\u00edas, Lu\u00eds Norton de Matos, exentrenador de <strong>Gudi\u00f1o<\/strong>, asegur\u00f3 que le parec\u00edan extra\u00f1as algunas actuaciones del portero azteca en los \u00faltimos juegos de la campa\u00f1a pasada, incluso apareci\u00f3 un video donde se muestran sus supuestos errores.<\/p>\n<p style=\"text-align: center;\"><span style=\"color: #3366ff;\"><a style=\"color: #3366ff;\" href=\"https:\/\/www.futboltotal.com.mx\/2017\/05\/violan-derechos-diego-lainez-en-america\/\">VER M\u00c1S: \u00a1Violan derechos de Diego Lainez en Am\u00e9rica!<\/a><\/span><\/p>\n<p><iframe loading=\"lazy\" src=\"https:\/\/www.youtube.com\/embed\/YlWQvOcGb6Q?feature=oembed\" frameborder=\"0\" allowfullscreen><\/iframe><\/p>\n","protected":false},"excerpt":{"rendered":"<p>El mexicano estar\u00e1 bajo la justicia portuguesa.<\/p>\n","protected":false},"author":20,"featured_media":407108,"comment_status":"closed","ping_status":"closed","sticky":false,"template":"","format":"standard","meta":[],"categories":[5,3839],"tags":[6214,4596],"_links":{"self":[{"href":"http:\/\/desarrollo.grupomedios.com\/futbol\/wp-json\/wp\/v2\/posts\/478562"}],"collection":[{"href":"http:\/\/desarrollo.grupomedios.com\/futbol\/wp-json\/wp\/v2\/posts"}],"about":[{"href":"http:\/\/desarrollo.grupomedios.com\/futbol\/wp-json\/wp\/v2\/types\/post"}],"author":[{"embeddable":true,"href":"http:\/\/desarrollo.grupomedios.com\/futbol\/wp-json\/wp\/v2\/users\/20"}],"replies":[{"embeddable":true,"href":"http:\/\/desarrollo.grupomedios.com\/futbol\/wp-json\/wp\/v2\/comments?post=478562"}],"version-history":[{"count":2,"href":"http:\/\/desarrollo.grupomedios.com\/futbol\/wp-json\/wp\/v2\/posts\/478562\/revisions"}],"predecessor-version":[{"id":478567,"href":"http:\/\/desarrollo.grupomedios.com\/futbol\/wp-json\/wp\/v2\/posts\/478562\/revisions\/478567"}],"wp:featuredmedia":[{"embeddable":true,"href":"http:\/\/desarrollo.grupomedios.com\/futbol\/wp-json\/wp\/v2\/media\/407108"}],"wp:attachment":[{"href":"http:\/\/desarrollo.grupomedios.com\/futbol\/wp-json\/wp\/v2\/media?parent=478562"}],"wp:term":[{"taxonomy":"category","embeddable":true,"href":"http:\/\/desarrollo.grupomedios.com\/futbol\/wp-json\/wp\/v2\/categories?post=478562"},{"taxonomy":"post_tag","embeddable":true,"href":"http:\/\/desarrollo.grupomedios.com\/futbol\/wp-json\/wp\/v2\/tags?post=478562"}],"curies":[{"name":"wp","href":"https:\/\/api.w.org\/{rel}","templated":true}]}}