{"id":478573,"date":"2017-05-11T12:41:39","date_gmt":"2017-05-11T17:41:39","guid":{"rendered":"https:\/\/www.futboltotal.com.mx\/?p=478573"},"modified":"2017-05-11T13:02:45","modified_gmt":"2017-05-11T18:02:45","slug":"barcelona-podra-fichar-a-coutinho","status":"publish","type":"post","link":"http:\/\/desarrollo.grupomedios.com\/futbol\/futbol-internacional\/barcelona-podra-fichar-a-coutinho\/2017\/05","title":{"rendered":"\u00a1Barcelona no podr\u00e1 fichar a Coutinho!"},"content":{"rendered":"<p><strong>J\u00fcrgen Klopp<\/strong>, entrenador del<strong> Liverpool<\/strong>, ha descartado este jueves categ\u00f3ricamente la venta del media punta brasile\u00f1o<strong> Philippe Coutinho<\/strong> el pr\u00f3ximo verano.<\/p>\n<p>El t\u00e9cnico alem\u00e1n ha recalcado la importancia del &#8217;10&#8217; en los planes futuros del equipo de Anfield y ha asegurado que no hay &#8220;ninguna opci\u00f3n&#8221; de vender al futbolista, supuestamente en la \u00f3rbita del Barcelona.<\/p>\n<p style=\"text-align: center;\"><span style=\"color: #3366ff;\"><a style=\"color: #3366ff;\" href=\"https:\/\/www.futboltotal.com.mx\/2017\/05\/neymar-se-encendio-discutio-entrenador-del-barcelona\/\">VER M\u00c1S: Neymar se encendi\u00f3 y discuti\u00f3 con entrenador del Barcelona<\/a><\/span><\/p>\n<p>Coutinho, de 24 a\u00f1os, autor de 10 goles en la Premier League esta temporada, estamp\u00f3 su firma en un jugoso contrato de renovaci\u00f3n por cinco campa\u00f1as el pasado mes de enero.<\/p>\n<blockquote><p>&#8220;\u00bfCu\u00e1ndo firm\u00f3 su nuevo contrato?&#8221;, respondi\u00f3 Klopp este jueves al ser preguntado por el futuro del brasile\u00f1o. &#8220;\u00a1Con una cl\u00e1usula de rescisi\u00f3n de 400 millones de libras!&#8221;, brome\u00f3 el t\u00e9cnico alem\u00e1n.<\/p>\n<p style=\"text-align: center;\"><span style=\"color: #3366ff;\"><a style=\"color: #3366ff;\" href=\"https:\/\/www.futboltotal.com.mx\/2017\/05\/messi-dijo-no-peligra-renovacion-con-barcelona\/\">VER M\u00c1S: Messi dijo no y peligra su renovaci\u00f3n con el Barcelona<\/a><\/span><\/p>\n<p>&#8220;No entra en nuestros planes (vender a Coutinho). Lo que los due\u00f1os nos han dicho es que tenemos la posibilidad de no tener que vender a nadie si no queremos. Eso significa contar los que ya tenemos y fichar a otros futbolistas. Y tenemos una plantilla muy equilibrada&#8221;, se\u00f1al\u00f3.<\/p>\n<p>&#8220;Queremos traer algo de sangre fresca, pero reitero que ning\u00fan jugador va a dejar el club si nosotros no queremos que se vaya, por lo que estoy muy tranquilo en este aspecto&#8221;, asegur\u00f3 Klopp.<\/p><\/blockquote>\n<p>Coutinho, que ha marcado 11 goles y ha dado 8 asistencias en todas las competiciones este curso, ha sido uno de los futbolistas destacados del Liverpool, que, a falta de dos jornadas de liga, marcha en tercera posici\u00f3n de la Premier League.<\/p>\n","protected":false},"excerpt":{"rendered":"<p>El DT del Liverpool, J\u00fcrgen Klopp, habl\u00f3 sobre las transferencias del club para la pr\u00f3xima campa\u00f1a. <\/p>\n","protected":false},"author":20,"featured_media":478574,"comment_status":"closed","ping_status":"closed","sticky":false,"template":"","format":"standard","meta":[],"categories":[3839,3844,3846],"tags":[2863,5989],"_links":{"self":[{"href":"http:\/\/desarrollo.grupomedios.com\/futbol\/wp-json\/wp\/v2\/posts\/478573"}],"collection":[{"href":"http:\/\/desarrollo.grupomedios.com\/futbol\/wp-json\/wp\/v2\/posts"}],"about":[{"href":"http:\/\/desarrollo.grupomedios.com\/futbol\/wp-json\/wp\/v2\/types\/post"}],"author":[{"embeddable":true,"href":"http:\/\/desarrollo.grupomedios.com\/futbol\/wp-json\/wp\/v2\/users\/20"}],"replies":[{"embeddable":true,"href":"http:\/\/desarrollo.grupomedios.com\/futbol\/wp-json\/wp\/v2\/comments?post=478573"}],"version-history":[{"count":3,"href":"http:\/\/desarrollo.grupomedios.com\/futbol\/wp-json\/wp\/v2\/posts\/478573\/revisions"}],"predecessor-version":[{"id":478580,"href":"http:\/\/desarrollo.grupomedios.com\/futbol\/wp-json\/wp\/v2\/posts\/478573\/revisions\/478580"}],"wp:featuredmedia":[{"embeddable":true,"href":"http:\/\/desarrollo.grupomedios.com\/futbol\/wp-json\/wp\/v2\/media\/478574"}],"wp:attachment":[{"href":"http:\/\/desarrollo.grupomedios.com\/futbol\/wp-json\/wp\/v2\/media?parent=478573"}],"wp:term":[{"taxonomy":"category","embeddable":true,"href":"http:\/\/desarrollo.grupomedios.com\/futbol\/wp-json\/wp\/v2\/categories?post=478573"},{"taxonomy":"post_tag","embeddable":true,"href":"http:\/\/desarrollo.grupomedios.com\/futbol\/wp-json\/wp\/v2\/tags?post=478573"}],"curies":[{"name":"wp","href":"https:\/\/api.w.org\/{rel}","templated":true}]}}