{"id":478592,"date":"2017-05-11T15:04:41","date_gmt":"2017-05-11T20:04:41","guid":{"rendered":"https:\/\/www.futboltotal.com.mx\/?p=478592"},"modified":"2017-05-11T15:06:37","modified_gmt":"2017-05-11T20:06:37","slug":"jona-dos-santos-no-sabe-si-seguira-en-el-villarreal","status":"publish","type":"post","link":"http:\/\/desarrollo.grupomedios.com\/futbol\/futbol-internacional\/jona-dos-santos-no-sabe-si-seguira-en-el-villarreal\/2017\/05","title":{"rendered":"Jona dos Santos da carpetazo a su futuro"},"content":{"rendered":"<p><strong>Jonathan dos Santos<\/strong> tiene contrato hasta 2019, pero su nombre ya comenz\u00f3 a sonar lejos del <strong>Villarreal<\/strong>. La semana pasada confes\u00f3 que tiene el deseo de volver a jugar junto a su hermano Giovani dos Santos y su padre Zizinho admiti\u00f3 que &#8220;hay ofertas en puerta&#8221;.<\/p>\n<p>A la espera de definir su futuro, el mexicano sigue con una evoluci\u00f3n futbol\u00edstica notable en el Villarreal. Ha dejado de ser un mediocentro puro para descubrir y explotar su faceta como interior derecho. Si algo tiene claro el futbolista es que un eventual cambio de club es cuesti\u00f3n de tiempo y ser\u00e1 el premio a su constancia.<\/p>\n<p>Por ahora est\u00e1 muy motivado, viviendo el mejor momento de su carrera:\u00a0ha jugado mucho, no ha sufrido lesiones y ha crecido como futbolista.<\/p>\n<p style=\"text-align: center;\"><a href=\"https:\/\/www.futboltotal.com.mx\/2017\/05\/zizinho-acepta-ofertas-jonathan-dos-santos-afirma-saldria-del-villarreal\/\"><span style=\"color: #3366ff;\">VER M\u00c1S. Zizinho admite que Jona podr\u00eda salir del Villarreal\u00a0<\/span><\/a><\/p>\n<blockquote><p>&#8220;No me pod\u00eda imaginar que iba a jugar tres temporadas en la banda, pero cualquier futbolista que quiera crecer debe ser polivalente y eso es lo que he hecho a pesar de que en la banda tengo mucha competencia con compa\u00f1eros de un gran nivel como Roberto Soriano, Samu Castillejo o Denis Cheryshev&#8221;, dij\u00f3 Dos Santos.<\/p><\/blockquote>\n<p>Respecto a su futuro se\u00f1al\u00f3 que tiene dos a\u00f1os de contrato y que es muy feliz en Villarreal, un club que le ha dado lo que no le dio el Barcelona, &#8220;que es continuidad&#8221;.<\/p>\n<blockquote><p>&#8220;Estoy bien aqu\u00ed y no pienso en el futuro, porque me siento importante y estoy jugando, aunque es verdad que en el f\u00fatbol nunca se sabe lo que va a pasar. No s\u00e9 nada respecto al a\u00f1o que viene&#8221;, agreg\u00f3.<\/p><\/blockquote>\n<p>Sobre el <strong>Villarreal<\/strong>, <strong>Dos Santos<\/strong> se\u00f1al\u00f3 que el grupo trabaja bien y con ganas de alcanzar el objetivo marcado, ya que actualmente es quinto en la clasificaci\u00f3n, pero debe pelear con el Athletic de Bilbao y la Real Sociedad a los que el Villarreal aventaja en un punto.<\/p>\n<p style=\"text-align: center;\"><span style=\"color: #3366ff;\">VER M\u00c1S: Giovani est\u00e1 convenciendo a Jonathan para que se unan en la MLS<\/span><\/p>\n<p>Tambi\u00e9n destac\u00f3 que en casa, donde jugar\u00e1n esta semana la Liga ante el Deportivo, les cuesta m\u00e1s sacar los partidos. &#8220;A veces quiz\u00e1 nos ha faltado un poco de intensidad y de acierto para marcar el gol que puede abrir el partido&#8221;, se\u00f1al\u00f3.<\/p>\n<p>Consider\u00f3 que por delante el equipo tiene dos finales para consolidar la plaza europea que, opina, se merecen tras haber completado un buen a\u00f1o con unos n\u00fameros que otros a\u00f1os ya habr\u00edan garantizado la clasificaci\u00f3n para jugar en torneos continentales.<\/p>\n<p>Finalmente record\u00f3 que el Deportivo se juega mucho en el encuentro de este domingo en La Cer\u00e1mica, porque tienen en juego la permanencia y eso &#8220;complicar\u00e1 el encuentro&#8221;, adem\u00e1s de que consider\u00f3 al rival como un buen equipo con buenos futbolistas. E<\/p>\n","protected":false},"excerpt":{"rendered":"<p>El mediocampista afirm\u00f3 que no tiene idea de d\u00f3nde jugar\u00e1 la pr\u00f3xima temporada. <\/p>\n","protected":false},"author":20,"featured_media":478598,"comment_status":"closed","ping_status":"closed","sticky":false,"template":"","format":"standard","meta":[],"categories":[3839,3846],"tags":[48,2607],"_links":{"self":[{"href":"http:\/\/desarrollo.grupomedios.com\/futbol\/wp-json\/wp\/v2\/posts\/478592"}],"collection":[{"href":"http:\/\/desarrollo.grupomedios.com\/futbol\/wp-json\/wp\/v2\/posts"}],"about":[{"href":"http:\/\/desarrollo.grupomedios.com\/futbol\/wp-json\/wp\/v2\/types\/post"}],"author":[{"embeddable":true,"href":"http:\/\/desarrollo.grupomedios.com\/futbol\/wp-json\/wp\/v2\/users\/20"}],"replies":[{"embeddable":true,"href":"http:\/\/desarrollo.grupomedios.com\/futbol\/wp-json\/wp\/v2\/comments?post=478592"}],"version-history":[{"count":1,"href":"http:\/\/desarrollo.grupomedios.com\/futbol\/wp-json\/wp\/v2\/posts\/478592\/revisions"}],"predecessor-version":[{"id":478599,"href":"http:\/\/desarrollo.grupomedios.com\/futbol\/wp-json\/wp\/v2\/posts\/478592\/revisions\/478599"}],"wp:featuredmedia":[{"embeddable":true,"href":"http:\/\/desarrollo.grupomedios.com\/futbol\/wp-json\/wp\/v2\/media\/478598"}],"wp:attachment":[{"href":"http:\/\/desarrollo.grupomedios.com\/futbol\/wp-json\/wp\/v2\/media?parent=478592"}],"wp:term":[{"taxonomy":"category","embeddable":true,"href":"http:\/\/desarrollo.grupomedios.com\/futbol\/wp-json\/wp\/v2\/categories?post=478592"},{"taxonomy":"post_tag","embeddable":true,"href":"http:\/\/desarrollo.grupomedios.com\/futbol\/wp-json\/wp\/v2\/tags?post=478592"}],"curies":[{"name":"wp","href":"https:\/\/api.w.org\/{rel}","templated":true}]}}