{"id":478593,"date":"2017-05-11T15:01:32","date_gmt":"2017-05-11T20:01:32","guid":{"rendered":"https:\/\/www.futboltotal.com.mx\/?p=478593"},"modified":"2017-05-11T15:01:32","modified_gmt":"2017-05-11T20:01:32","slug":"bajo-rendimiento-chavez-frente-a-canelo-comer","status":"publish","type":"post","link":"http:\/\/desarrollo.grupomedios.com\/futbol\/no-todo-es-futbol\/bajo-rendimiento-chavez-frente-a-canelo-comer\/2017\/05","title":{"rendered":"\u00a1Bajo rendimiento de Ch\u00e1vez frente a Canelo, fue por no comer!"},"content":{"rendered":"<p>El mexicano <strong>Julio C\u00e9sar Ch\u00e1vez<\/strong> hijo revel\u00f3 hoy que comi\u00f3 &#8220;muy poco&#8221; las dos \u00faltimas semanas de su preparaci\u00f3n para <a href=\"https:\/\/www.futboltotal.com.mx\/2017\/05\/canelo-alvarez-se-impone-a-julio-cesar-chavez\/\" target=\"_blank\">la pelea contra su compatriota <\/a><strong>Sa\u00fal <em>Canelo<\/em> \u00c1lvarez<\/strong>, y en la semana previa al combate su ingesta de alimentos fue de &#8220;casi nada&#8221;, situaci\u00f3n que lo merm\u00f3 f\u00edsicamente y por lo que ofreci\u00f3 &#8220;la peor pelea de su carrera&#8221;.<\/p>\n<p>Ch\u00e1vez ten\u00eda que marcar 164 libras, 74,3 kilos, cifra que se ubica en la divisi\u00f3n de los supermedianos, que est\u00e1 entre 160-168 libras, y aunque dio el peso, esto repercuti\u00f3 en su preparaci\u00f3n para el combate.<\/p>\n<p>&#8220;Nadie pensaba que marcar\u00eda el peso (&#8230;) eso provoc\u00f3 que no tuviera energ\u00eda. En las dos \u00faltimas semanas com\u00ed muy poco, la \u00faltima semana no com\u00ed casi nada&#8221;, declar\u00f3 Ch\u00e1vez en una entrevista con el sitio de deportes <em>ESPN<\/em>.<\/p>\n<p style=\"text-align: center;\"><span style=\"color: #3366ff;\"><a style=\"color: #3366ff;\" href=\"https:\/\/www.futboltotal.com.mx\/2017\/05\/faitelson-exploto-chavez-me-vale-madres-canelo-se-burlaron-ustedes\/\" target=\"_blank\"><strong>VER M\u00c1S: Faitelson arremte contra los Ch\u00e1vez, &#8220;se burlaron de ustedes&#8221;<\/strong><\/a><\/span><\/p>\n<p>Se\u00f1al\u00f3 que su mente quer\u00eda (tirar golpes) &#8220;pero mi cuerpo no me respond\u00eda, ten\u00eda condici\u00f3n pero no fuerza&#8221; y descart\u00f3 que un masaje que recibi\u00f3 previo a la pelea y que se\u00f1al\u00f3 el manejador Ignacio Berist\u00e1in &#8220;haya sido la causa de mi actitud pat\u00e9tica arriba del ring, sin duda fue la peor actuaci\u00f3n de mi carrera&#8221;.<\/p>\n<p>Dijo que la obligaci\u00f3n de dar el peso lo min\u00f3 f\u00edsica y mentalmente y calific\u00f3 como un &#8220;esfuerzo sobrehumano&#8221; su trabajo para subir a la b\u00e1scula y marcar el l\u00edmite pactado.<\/p>\n<p>Ch\u00e1vez dijo que su derrota, por decisi\u00f3n un\u00e1nime y con los tres jueces con tarjetas de 120-1008, fue una dura ca\u00edda de la que se va levantar y para ello seguir\u00e1 entrenando bajo el mando de Berist\u00e1in.<\/p>\n<p style=\"text-align: center;\"><span style=\"color: #3366ff;\"><a style=\"color: #3366ff;\" href=\"https:\/\/www.futboltotal.com.mx\/2017\/05\/aparece-en-la-red-la-victoria-los-hackers\/\" target=\"_blank\"><strong>VER M\u00c1S: Aparece en redes, la Victoria de los hackers<\/strong><\/a><\/span><\/p>\n<p><strong>S\u00edguenos en Twitter:<\/strong> <a href=\"https:\/\/twitter.com\/MXFutbolTotal\" target=\"_blank\">@MXFutbolTotal<\/a><\/p>\n","protected":false},"excerpt":{"rendered":"<p>El hijo de la Leyenda, destaca que no se aliment\u00f3 por varios d\u00edas.<\/p>\n","protected":false},"author":144,"featured_media":478595,"comment_status":"closed","ping_status":"closed","sticky":false,"template":"","format":"standard","meta":[],"categories":[6282,5418,6411],"tags":[8271,5461,8004],"_links":{"self":[{"href":"http:\/\/desarrollo.grupomedios.com\/futbol\/wp-json\/wp\/v2\/posts\/478593"}],"collection":[{"href":"http:\/\/desarrollo.grupomedios.com\/futbol\/wp-json\/wp\/v2\/posts"}],"about":[{"href":"http:\/\/desarrollo.grupomedios.com\/futbol\/wp-json\/wp\/v2\/types\/post"}],"author":[{"embeddable":true,"href":"http:\/\/desarrollo.grupomedios.com\/futbol\/wp-json\/wp\/v2\/users\/144"}],"replies":[{"embeddable":true,"href":"http:\/\/desarrollo.grupomedios.com\/futbol\/wp-json\/wp\/v2\/comments?post=478593"}],"version-history":[{"count":2,"href":"http:\/\/desarrollo.grupomedios.com\/futbol\/wp-json\/wp\/v2\/posts\/478593\/revisions"}],"predecessor-version":[{"id":478597,"href":"http:\/\/desarrollo.grupomedios.com\/futbol\/wp-json\/wp\/v2\/posts\/478593\/revisions\/478597"}],"wp:featuredmedia":[{"embeddable":true,"href":"http:\/\/desarrollo.grupomedios.com\/futbol\/wp-json\/wp\/v2\/media\/478595"}],"wp:attachment":[{"href":"http:\/\/desarrollo.grupomedios.com\/futbol\/wp-json\/wp\/v2\/media?parent=478593"}],"wp:term":[{"taxonomy":"category","embeddable":true,"href":"http:\/\/desarrollo.grupomedios.com\/futbol\/wp-json\/wp\/v2\/categories?post=478593"},{"taxonomy":"post_tag","embeddable":true,"href":"http:\/\/desarrollo.grupomedios.com\/futbol\/wp-json\/wp\/v2\/tags?post=478593"}],"curies":[{"name":"wp","href":"https:\/\/api.w.org\/{rel}","templated":true}]}}