{"id":478607,"date":"2017-05-11T16:35:33","date_gmt":"2017-05-11T21:35:33","guid":{"rendered":"https:\/\/www.futboltotal.com.mx\/?p=478607"},"modified":"2017-05-11T16:35:33","modified_gmt":"2017-05-11T21:35:33","slug":"manchester-ajax-protagonizaran-la-final-la-europa-league","status":"publish","type":"post","link":"http:\/\/desarrollo.grupomedios.com\/futbol\/futbol-internacional\/manchester-ajax-protagonizaran-la-final-la-europa-league\/2017\/05","title":{"rendered":"Manchester y Ajax protagonizar\u00e1n la Final de la Europa League"},"content":{"rendered":"<p>El <strong>Manchester United y \u00a0Ajax<\/strong> jugar\u00e1n la final de la Liga Europa de f\u00fatbol el 24 de mayo en Estocolmo tras eliminar en las semifinales, respectivamente, al Celta y al Lyon.<\/p>\n<p>En la vuelta de semifinales el <strong>Manchester United<\/strong> empat\u00f3 1-1 ante el Celta en Old Trafford. Anot\u00f3 del belga Marouane Fellaini para el equipo ingl\u00e9s en el minuto 17 y, a cinco del final, el argentino Facundo Roncaglia estableci\u00f3 el empate definitivo.<\/p>\n<p>Roncaglia y el marfile\u00f1o del United Eric Bailly fueron expulsados en el minuto 89 por un encontronazo entre ambos poco despu\u00e9s de marcar el argentino.<\/p>\n<p style=\"text-align: center;\"><span style=\"color: #3366ff;\"><a style=\"color: #3366ff;\" href=\"https:\/\/www.futboltotal.com.mx\/2017\/05\/carlos-salcedo-proximo-refuerzo-rayados\/\">VER M\u00c1S: Carlos Salcedo, \u00bfel pr\u00f3ximo refuerzo de Rayados?<\/a><\/span><\/p>\n<p><iframe loading=\"lazy\" src=\"https:\/\/www.youtube.com\/embed\/WBHPMUSgRlo?feature=oembed\" frameborder=\"0\" allowfullscreen><\/iframe><\/p>\n<p>El <strong>Ajax<\/strong> pas\u00f3 pese a perder por 3-1 en el campo del Lyon. El equipo holand\u00e9s se adelant\u00f3 con un tanto del dan\u00e9s Kasper Dolberg (m.27), pero justo antes del descanso el cuadro franc\u00e9s dio la vuelta al marcador con dos dianas -la primera de penalti- de Alexandre Lacazette (45 y 45+).<\/p>\n<p>A nueve minutos del final Rachid Ghezzal dio emoci\u00f3n a la eliminatoria al poner a su equipo a un tanto de forzar la pr\u00f3rroga ante un equipo holand\u00e9s que a siete del final se qued\u00f3 con uno menos por la expulsi\u00f3n por doble amonestaci\u00f3n de Nick Viergever.<\/p>\n<p><iframe loading=\"lazy\" src=\"https:\/\/www.youtube.com\/embed\/dcNts0Wrk-g?feature=oembed\" frameborder=\"0\" allowfullscreen><\/iframe><\/p>\n<p>En los encuentros de ida, el United gan\u00f3 en Vigo por 0-1 y el Ajax super\u00f3 en Amsterdam al Lyon por 4-1. EFE<\/p>\n","protected":false},"excerpt":{"rendered":"<p>Los Red Devils sufrieron ante el Celta; los holandeses tambi\u00e9n ante el Lyon.<\/p>\n","protected":false},"author":144,"featured_media":422516,"comment_status":"closed","ping_status":"closed","sticky":false,"template":"","format":"standard","meta":[],"categories":[3839],"tags":[1603,516,43],"_links":{"self":[{"href":"http:\/\/desarrollo.grupomedios.com\/futbol\/wp-json\/wp\/v2\/posts\/478607"}],"collection":[{"href":"http:\/\/desarrollo.grupomedios.com\/futbol\/wp-json\/wp\/v2\/posts"}],"about":[{"href":"http:\/\/desarrollo.grupomedios.com\/futbol\/wp-json\/wp\/v2\/types\/post"}],"author":[{"embeddable":true,"href":"http:\/\/desarrollo.grupomedios.com\/futbol\/wp-json\/wp\/v2\/users\/144"}],"replies":[{"embeddable":true,"href":"http:\/\/desarrollo.grupomedios.com\/futbol\/wp-json\/wp\/v2\/comments?post=478607"}],"version-history":[{"count":1,"href":"http:\/\/desarrollo.grupomedios.com\/futbol\/wp-json\/wp\/v2\/posts\/478607\/revisions"}],"predecessor-version":[{"id":478615,"href":"http:\/\/desarrollo.grupomedios.com\/futbol\/wp-json\/wp\/v2\/posts\/478607\/revisions\/478615"}],"wp:featuredmedia":[{"embeddable":true,"href":"http:\/\/desarrollo.grupomedios.com\/futbol\/wp-json\/wp\/v2\/media\/422516"}],"wp:attachment":[{"href":"http:\/\/desarrollo.grupomedios.com\/futbol\/wp-json\/wp\/v2\/media?parent=478607"}],"wp:term":[{"taxonomy":"category","embeddable":true,"href":"http:\/\/desarrollo.grupomedios.com\/futbol\/wp-json\/wp\/v2\/categories?post=478607"},{"taxonomy":"post_tag","embeddable":true,"href":"http:\/\/desarrollo.grupomedios.com\/futbol\/wp-json\/wp\/v2\/tags?post=478607"}],"curies":[{"name":"wp","href":"https:\/\/api.w.org\/{rel}","templated":true}]}}