{"id":478631,"date":"2017-05-11T18:03:51","date_gmt":"2017-05-11T23:03:51","guid":{"rendered":"https:\/\/www.futboltotal.com.mx\/?p=478631"},"modified":"2017-05-11T18:03:51","modified_gmt":"2017-05-11T23:03:51","slug":"diego-alonso-renueva-contrato-pachuca","status":"publish","type":"post","link":"http:\/\/desarrollo.grupomedios.com\/futbol\/futbol-mexicano\/diego-alonso-renueva-contrato-pachuca\/2017\/05","title":{"rendered":"Diego Alonso renueva contrato con Pachuca"},"content":{"rendered":"<p>Este jueves 11 de mayo, <strong>Pachuca<\/strong> comparti\u00f3 a trav\u00e9s de sus redes sociales, que el director t\u00e9cnico, <strong>Diego Alonso<\/strong>, seguir\u00e1 dirigiendo al primer equipo por al menos otro a\u00f1o m\u00e1s. La noticia fue confirmada por Jes\u00fas Mart\u00ednez, presidente del club, y por el mismo estratega.<\/p>\n<blockquote class=\"twitter-tweet\" data-lang=\"es\">\n<p dir=\"ltr\" lang=\"es\">Jes\u00fas Mart\u00ednez, Presidente tuzo, dio a conocer que Diego Alonso contin\u00faa un a\u00f1o m\u00e1s al frente del Pachuca! <a href=\"https:\/\/t.co\/HVpcpr3Dxv\">pic.twitter.com\/HVpcpr3Dxv<\/a><\/p>\n<p>\u2014 Club Pachuca (@Tuzos) <a href=\"https:\/\/twitter.com\/Tuzos\/status\/862773805219028993\">11 de mayo de 2017<\/a><\/p><\/blockquote>\n<p><script async src=\"\/\/platform.twitter.com\/widgets.js\" charset=\"utf-8\"><\/script><\/p>\n<p>\u201cEstamos muy contentos y agradecidos con <strong>Diego Alonso<\/strong>, por darnos la oportunidad de seguir trabajando juntos\u201d, indic\u00f3 Jes\u00fas Mart\u00ednez Pati\u00f1o. Por su parte el director t\u00e9cnico tambi\u00e9n mostr\u00f3 gratitud a la directiva hidalguense, no por la renovaci\u00f3n sino por la confianza que le han dado, desde el primer momento.<\/p>\n<p style=\"text-align: center;\"><span style=\"color: #3366ff;\"><a style=\"color: #3366ff;\" href=\"https:\/\/www.futboltotal.com.mx\/2017\/05\/futbol-estufa-rumores-y-fichajes-rumbo-al-apertura-2017-la-liga-mx\/\" target=\"_blank\"><strong>VER M\u00c1S: Futbol de Estufa | Rumbo al Apertura 2017<\/strong><\/a><\/span><\/p>\n<p>\u201cYo sigo confiando en esta instituci\u00f3n, por la misma confianza que ellos tuvieron hacia m\u00ed. Esta instituci\u00f3n te permite crecer\u201d, explic\u00f3 <strong>Diego Alonso<\/strong>.<\/p>\n<p><iframe loading=\"lazy\" src=\"https:\/\/www.youtube.com\/embed\/LZEwep159Sk\" frameborder=\"0\" allowfullscreen=\"allowfullscreen\"><\/iframe><\/p>\n<p style=\"text-align: center;\"><span style=\"color: #3366ff;\"><a style=\"color: #3366ff;\" href=\"https:\/\/www.futboltotal.com.mx\/2017\/05\/pachuca-tendra-a-lainez-una-refuerzo-europeo-mundial-clubes\/\" target=\"_blank\"><strong>VER M\u00c1S: Pachuca ya tiene refuerzos para Mundial de Clubes<\/strong><\/a><\/span><\/p>\n<p>S\u00edguenos en Twitter: <a href=\"https:\/\/twitter.com\/MXFutbolTotal\" target=\"_blank\">@MXFutbolTotal<\/a><\/p>\n","protected":false},"excerpt":{"rendered":"<p>El estratega uruguayo seguir\u00e1 comandando a los Tuzos.<\/p>\n","protected":false},"author":20,"featured_media":478632,"comment_status":"closed","ping_status":"closed","sticky":false,"template":"","format":"standard","meta":[],"categories":[2198,3845],"tags":[8589,5968],"_links":{"self":[{"href":"http:\/\/desarrollo.grupomedios.com\/futbol\/wp-json\/wp\/v2\/posts\/478631"}],"collection":[{"href":"http:\/\/desarrollo.grupomedios.com\/futbol\/wp-json\/wp\/v2\/posts"}],"about":[{"href":"http:\/\/desarrollo.grupomedios.com\/futbol\/wp-json\/wp\/v2\/types\/post"}],"author":[{"embeddable":true,"href":"http:\/\/desarrollo.grupomedios.com\/futbol\/wp-json\/wp\/v2\/users\/20"}],"replies":[{"embeddable":true,"href":"http:\/\/desarrollo.grupomedios.com\/futbol\/wp-json\/wp\/v2\/comments?post=478631"}],"version-history":[{"count":1,"href":"http:\/\/desarrollo.grupomedios.com\/futbol\/wp-json\/wp\/v2\/posts\/478631\/revisions"}],"predecessor-version":[{"id":478633,"href":"http:\/\/desarrollo.grupomedios.com\/futbol\/wp-json\/wp\/v2\/posts\/478631\/revisions\/478633"}],"wp:featuredmedia":[{"embeddable":true,"href":"http:\/\/desarrollo.grupomedios.com\/futbol\/wp-json\/wp\/v2\/media\/478632"}],"wp:attachment":[{"href":"http:\/\/desarrollo.grupomedios.com\/futbol\/wp-json\/wp\/v2\/media?parent=478631"}],"wp:term":[{"taxonomy":"category","embeddable":true,"href":"http:\/\/desarrollo.grupomedios.com\/futbol\/wp-json\/wp\/v2\/categories?post=478631"},{"taxonomy":"post_tag","embeddable":true,"href":"http:\/\/desarrollo.grupomedios.com\/futbol\/wp-json\/wp\/v2\/tags?post=478631"}],"curies":[{"name":"wp","href":"https:\/\/api.w.org\/{rel}","templated":true}]}}