{"id":478705,"date":"2017-05-12T11:41:56","date_gmt":"2017-05-12T16:41:56","guid":{"rendered":"https:\/\/www.futboltotal.com.mx\/?p=478705"},"modified":"2017-05-12T11:41:56","modified_gmt":"2017-05-12T16:41:56","slug":"leon-ya-refuerzo-sustituir-a-goleador","status":"publish","type":"post","link":"http:\/\/desarrollo.grupomedios.com\/futbol\/futbol-mexicano\/leon-ya-refuerzo-sustituir-a-goleador\/2017\/05","title":{"rendered":"Le\u00f3n ya tiene refuerzo para sustituir a su goleador"},"content":{"rendered":"<p>Hace unos d\u00edas, el delantero argentino de <strong>Le\u00f3n<\/strong>, Germ\u00e1n Cano, anunci\u00f3 su salida del equipo y se despidi\u00f3 a trav\u00e9s de su cuenta de Twitter. El motivo es porque el club Esmeralda ya tiene a su sustituto.<\/p>\n<p>El elegido ser\u00eda otro argentino, su nombre es Maximiliano Cerato y juega en el Everton de Chile, pues el director deportivo del club andino, Ignacio Hierro, confirm\u00f3 la noticia del traspaso.<\/p>\n<p>Cerato de 29 a\u00f1os, tambi\u00e9n confirm\u00f3 su llegada a <em>La Fiera<\/em> y defini\u00f3 a esta oportunidad en su carrera como \u201cun gran salto\u201d.<\/p>\n<p style=\"text-align: center;\"><span style=\"color: #3366ff;\"><a style=\"color: #3366ff;\" href=\"https:\/\/www.futboltotal.com.mx\/2017\/05\/ricardo-la-volpe-presumio-foto-paco-joven-las-empanadas\/\">VER M\u00c1S: La Volpe presumi\u00f3 foto con Paco, el joven de las empanadas<\/a><\/span><\/p>\n<blockquote><p>\u201cEs un salto enorme y muy importante, es el m\u00e1s importante de mi carrera. Siempre me esmer\u00e9 para progresar en mi carrera porque me toc\u00f3 empezar de abajo, del ascenso, y sin lugar a dudas este es el paso m\u00e1s importante que me toca dar. Espero estar a la altura\u201d, coment\u00f3 el delantero.<\/p><\/blockquote>\n<p>Si bien restan resolver detalles sobre su contrato, el hecho que Everton sea propiedad del Grupo Pachuca hizo que, pese a que todav\u00eda le quedan dos partidos por disputar con la instituci\u00f3n chilena, su llegada a <strong>Le\u00f3n<\/strong> no corra peligro.<\/p>\n<p><iframe loading=\"lazy\" src=\"https:\/\/www.youtube.com\/embed\/HIeB3fwm8jI?feature=oembed\" frameborder=\"0\" allowfullscreen><\/iframe><\/p>\n<p style=\"text-align: center;\"><span style=\"color: #3366ff;\"><a style=\"color: #3366ff;\" href=\"https:\/\/www.futboltotal.com.mx\/2017\/05\/colocan-a-boselli-murillo-en-la-orbita-del-america\/\">VER M\u00c1S: Colocan a Boselli y Murillo en la \u00f3rbita del Am\u00e9rica<\/a><\/span><\/p>\n","protected":false},"excerpt":{"rendered":"<p>El club esmeralda ya tendr\u00eda al sustituto del delantero argentino.<\/p>\n","protected":false},"author":20,"featured_media":478706,"comment_status":"closed","ping_status":"closed","sticky":false,"template":"","format":"standard","meta":[],"categories":[7740,2198,3845],"tags":[5965,64],"_links":{"self":[{"href":"http:\/\/desarrollo.grupomedios.com\/futbol\/wp-json\/wp\/v2\/posts\/478705"}],"collection":[{"href":"http:\/\/desarrollo.grupomedios.com\/futbol\/wp-json\/wp\/v2\/posts"}],"about":[{"href":"http:\/\/desarrollo.grupomedios.com\/futbol\/wp-json\/wp\/v2\/types\/post"}],"author":[{"embeddable":true,"href":"http:\/\/desarrollo.grupomedios.com\/futbol\/wp-json\/wp\/v2\/users\/20"}],"replies":[{"embeddable":true,"href":"http:\/\/desarrollo.grupomedios.com\/futbol\/wp-json\/wp\/v2\/comments?post=478705"}],"version-history":[{"count":1,"href":"http:\/\/desarrollo.grupomedios.com\/futbol\/wp-json\/wp\/v2\/posts\/478705\/revisions"}],"predecessor-version":[{"id":478707,"href":"http:\/\/desarrollo.grupomedios.com\/futbol\/wp-json\/wp\/v2\/posts\/478705\/revisions\/478707"}],"wp:featuredmedia":[{"embeddable":true,"href":"http:\/\/desarrollo.grupomedios.com\/futbol\/wp-json\/wp\/v2\/media\/478706"}],"wp:attachment":[{"href":"http:\/\/desarrollo.grupomedios.com\/futbol\/wp-json\/wp\/v2\/media?parent=478705"}],"wp:term":[{"taxonomy":"category","embeddable":true,"href":"http:\/\/desarrollo.grupomedios.com\/futbol\/wp-json\/wp\/v2\/categories?post=478705"},{"taxonomy":"post_tag","embeddable":true,"href":"http:\/\/desarrollo.grupomedios.com\/futbol\/wp-json\/wp\/v2\/tags?post=478705"}],"curies":[{"name":"wp","href":"https:\/\/api.w.org\/{rel}","templated":true}]}}