{"id":478744,"date":"2017-05-12T15:36:45","date_gmt":"2017-05-12T20:36:45","guid":{"rendered":"https:\/\/www.futboltotal.com.mx\/?p=478744"},"modified":"2017-05-12T15:36:45","modified_gmt":"2017-05-12T20:36:45","slug":"leon-pierde-a-guillermo-burdisso-apertura-2017","status":"publish","type":"post","link":"http:\/\/desarrollo.grupomedios.com\/futbol\/futbol-mexicano\/leon-pierde-a-guillermo-burdisso-apertura-2017\/2017\/05","title":{"rendered":"\u00a1Le\u00f3n pierde a Guillermo Burdisso para el Apertura 2017!"},"content":{"rendered":"<p>La directiva del <strong>Le\u00f3n<\/strong>, comparti\u00f3 en un comunicado, que <strong>Guillermo Burdisso<\/strong> fue operado exitosamente del ligamento cruzado interior; sin embargo, el tiempo de rehabilitaci\u00f3n ser\u00e1 de seis meses, por lo que se perder\u00e1 pr\u00e1cticamente toda la fase regular del Apertura 2017.<\/p>\n<p><strong>Guillermo Burdisso<\/strong> es uno de los elementos m\u00e1s destacados del <strong>Le\u00f3n<\/strong> y de los que m\u00e1s confianza tienen por parte de los t\u00e9cnicos que han estado en la Fiera, desde Juan Antonio Pizzi, hasta Javier Torrente, por lo que representa una baja sensible para el equipo.<\/p>\n<p style=\"text-align: center;\"><span style=\"color: #3366ff;\"><a style=\"color: #3366ff;\" href=\"https:\/\/www.futboltotal.com.mx\/2017\/05\/colocan-a-boselli-murillo-en-la-orbita-del-america\/\" target=\"_blank\"><strong>VER M\u00c1S: Boselli saldr\u00eda de Le\u00f3n para jugar en Am\u00e9rica<\/strong><\/a><\/span><\/p>\n<blockquote class=\"twitter-tweet\" data-lang=\"es\">\n<p dir=\"ltr\" lang=\"es\">Compartimos a ustedes el siguiente <a href=\"https:\/\/twitter.com\/hashtag\/ReporteM%C3%A9dico?src=hash\">#ReporteM\u00e9dico<\/a>. <a href=\"https:\/\/t.co\/t18WDCh9FA\">pic.twitter.com\/t18WDCh9FA<\/a><\/p>\n<p>\u2014 Club Le\u00f3n (@clubleonfc) <a href=\"https:\/\/twitter.com\/clubleonfc\/status\/863053576024752128\">12 de mayo de 2017<\/a><\/p><\/blockquote>\n<p><script async src=\"\/\/platform.twitter.com\/widgets.js\" charset=\"utf-8\"><\/script><\/p>\n<p style=\"text-align: center;\"><span style=\"color: #3366ff;\"><a style=\"color: #3366ff;\" href=\"https:\/\/www.futboltotal.com.mx\/2017\/05\/hirving-lozano-entra-en-la-orbita-del-psv\/\" target=\"_blank\"><strong>VER M\u00c1S: Hirving Lozano, en la \u00f3rbita del PSV<\/strong><\/a><\/span><\/p>\n<p>S\u00edguenos en Twitter: <a href=\"https:\/\/twitter.com\/MXFutbolTotal\" target=\"_blank\">@MXFutbolTotal<\/a><\/p>\n","protected":false},"excerpt":{"rendered":"<p>El defensor tardar\u00e1 varios meses en recuperarse, tras cirug\u00eda.<\/p>\n","protected":false},"author":20,"featured_media":478745,"comment_status":"closed","ping_status":"closed","sticky":false,"template":"","format":"standard","meta":[],"categories":[2198,3845],"tags":[5965],"_links":{"self":[{"href":"http:\/\/desarrollo.grupomedios.com\/futbol\/wp-json\/wp\/v2\/posts\/478744"}],"collection":[{"href":"http:\/\/desarrollo.grupomedios.com\/futbol\/wp-json\/wp\/v2\/posts"}],"about":[{"href":"http:\/\/desarrollo.grupomedios.com\/futbol\/wp-json\/wp\/v2\/types\/post"}],"author":[{"embeddable":true,"href":"http:\/\/desarrollo.grupomedios.com\/futbol\/wp-json\/wp\/v2\/users\/20"}],"replies":[{"embeddable":true,"href":"http:\/\/desarrollo.grupomedios.com\/futbol\/wp-json\/wp\/v2\/comments?post=478744"}],"version-history":[{"count":1,"href":"http:\/\/desarrollo.grupomedios.com\/futbol\/wp-json\/wp\/v2\/posts\/478744\/revisions"}],"predecessor-version":[{"id":478747,"href":"http:\/\/desarrollo.grupomedios.com\/futbol\/wp-json\/wp\/v2\/posts\/478744\/revisions\/478747"}],"wp:featuredmedia":[{"embeddable":true,"href":"http:\/\/desarrollo.grupomedios.com\/futbol\/wp-json\/wp\/v2\/media\/478745"}],"wp:attachment":[{"href":"http:\/\/desarrollo.grupomedios.com\/futbol\/wp-json\/wp\/v2\/media?parent=478744"}],"wp:term":[{"taxonomy":"category","embeddable":true,"href":"http:\/\/desarrollo.grupomedios.com\/futbol\/wp-json\/wp\/v2\/categories?post=478744"},{"taxonomy":"post_tag","embeddable":true,"href":"http:\/\/desarrollo.grupomedios.com\/futbol\/wp-json\/wp\/v2\/tags?post=478744"}],"curies":[{"name":"wp","href":"https:\/\/api.w.org\/{rel}","templated":true}]}}