{"id":478831,"date":"2017-05-13T12:15:51","date_gmt":"2017-05-13T17:15:51","guid":{"rendered":"https:\/\/www.futboltotal.com.mx\/?p=478831"},"modified":"2017-05-13T14:05:33","modified_gmt":"2017-05-13T19:05:33","slug":"en-vivo-benfica-vs-vitoria-guimaraes-primeira-liga","status":"publish","type":"post","link":"http:\/\/desarrollo.grupomedios.com\/futbol\/futbol-internacional\/en-vivo-benfica-vs-vitoria-guimaraes-primeira-liga\/2017\/05","title":{"rendered":"AS\u00cd SE VIVI\u00d3 | Benfica 5-0 Vitoria Guimaraes |Liga portuguesa"},"content":{"rendered":"<p style=\"text-align: center;\"><span style=\"color: #3366ff;\"><a style=\"color: #3366ff;\" href=\"https:\/\/en-vivo.futboltotal.com.mx\/partido\/benfica-vs-vitoria-guimaraes-primeira-liga\/85\/\" target=\"_blank\"><strong>DA CLICK AQU\u00cd Y SIGUE EN VIVO EL \u00c1GUILAS VS. GUIMARAES A LAS 12:00 HRS.<\/strong><\/a><\/span><\/p>\n<p>El <strong>Benfica vs Vitoria de Guimaraes<\/strong>, ser\u00e1 un encuentro en el que todos en Portugal est\u00e9n pendientes, pues en caso de ganar, podr\u00edan coronarse; pero si falla tendr\u00e1 una nueva oportunidad el domingo, cuando un tropiezo del Porto tambi\u00e9n dejar\u00eda el t\u00edtulo en manos de las <em>\u00c1guilas<\/em>.<\/p>\n<p>Con s\u00f3lo dos jornadas por delante, los encarnados cuentan con cinco puntos de ventaja sobre el Porto gracias al empate de los <em>dragones<\/em> en el \u00faltimo partido.<\/p>\n<p>Para celebrar el t\u00edtulo el s\u00e1bado en el Est\u00e1dio da Luz, el <strong>Benfica<\/strong> necesita vencer al cuarto clasificado, el<strong> Vitoria Guimaraes<\/strong>. Si pierde, la fiesta se mantendr\u00e1 en espera hasta el domingo, cuando el Porto de Iker Casillas recibir\u00e1 al Pa\u00e7os de Ferreira.<\/p>\n<p style=\"text-align: center;\"><span style=\"color: #3366ff;\"><a style=\"color: #3366ff;\" href=\"https:\/\/en-vivo.futboltotal.com.mx\/partido\/benfica-vs-vitoria-guimaraes-primeira-liga\/85\/\" target=\"_blank\"><strong>DA CLICK AQU\u00cd Y SIGUE EN VIVO EL \u00c1GUILAS VS. GUIMARAES A LAS 12:00 HRS.<\/strong><\/a><\/span><\/p>\n<p>Las <em>\u00c1guilas<\/em> vienen de ganar por la m\u00ednima al R\u00edo Ave con un gol a 15 minutos del final del mexicano Ra\u00fal Jim\u00e9nez, que repiti\u00f3 as\u00ed una haza\u00f1a que ya hab\u00eda firmado la temporada anterior en el mismo estadio.<\/p>\n<p>Para el partido que puede dar la cuarta Liga consecutiva por primera vez en la historia del cuadro donde milita Ra\u00fal Jim\u00e9nez, el t\u00e9cnico Rui Vit\u00f3ria va a tener a toda su plantilla disponible.<\/p>\n<p>Si el vigente campe\u00f3n no gana, el Porto tendr\u00e1 la oportunidad de aguar la fiesta a las <em>\u00c1guilas<\/em> y disputar el t\u00edtulo en la \u00faltima jornada, siempre y cuando los<em> dragones<\/em> salden con una victoria su compromiso con el Pa\u00e7os de Ferreira, duod\u00e9cimo clasificado.<\/p>\n<p><strong>Benfica vs<\/strong> <strong>Vitoria Guimaraes<\/strong>, \u00bfqui\u00e9n ganar\u00e1 este partido, <em>cracks<\/em>?<\/p>\n<p>&nbsp;<\/p>\n","protected":false},"excerpt":{"rendered":"<p>Las \u00c1guilas podr\u00edan coronarse si ganan este partido.<\/p>\n","protected":false},"author":144,"featured_media":478832,"comment_status":"closed","ping_status":"closed","sticky":false,"template":"","format":"standard","meta":[],"categories":[3839,7709,6718],"tags":[6060],"_links":{"self":[{"href":"http:\/\/desarrollo.grupomedios.com\/futbol\/wp-json\/wp\/v2\/posts\/478831"}],"collection":[{"href":"http:\/\/desarrollo.grupomedios.com\/futbol\/wp-json\/wp\/v2\/posts"}],"about":[{"href":"http:\/\/desarrollo.grupomedios.com\/futbol\/wp-json\/wp\/v2\/types\/post"}],"author":[{"embeddable":true,"href":"http:\/\/desarrollo.grupomedios.com\/futbol\/wp-json\/wp\/v2\/users\/144"}],"replies":[{"embeddable":true,"href":"http:\/\/desarrollo.grupomedios.com\/futbol\/wp-json\/wp\/v2\/comments?post=478831"}],"version-history":[{"count":7,"href":"http:\/\/desarrollo.grupomedios.com\/futbol\/wp-json\/wp\/v2\/posts\/478831\/revisions"}],"predecessor-version":[{"id":478884,"href":"http:\/\/desarrollo.grupomedios.com\/futbol\/wp-json\/wp\/v2\/posts\/478831\/revisions\/478884"}],"wp:featuredmedia":[{"embeddable":true,"href":"http:\/\/desarrollo.grupomedios.com\/futbol\/wp-json\/wp\/v2\/media\/478832"}],"wp:attachment":[{"href":"http:\/\/desarrollo.grupomedios.com\/futbol\/wp-json\/wp\/v2\/media?parent=478831"}],"wp:term":[{"taxonomy":"category","embeddable":true,"href":"http:\/\/desarrollo.grupomedios.com\/futbol\/wp-json\/wp\/v2\/categories?post=478831"},{"taxonomy":"post_tag","embeddable":true,"href":"http:\/\/desarrollo.grupomedios.com\/futbol\/wp-json\/wp\/v2\/tags?post=478831"}],"curies":[{"name":"wp","href":"https:\/\/api.w.org\/{rel}","templated":true}]}}