{"id":478837,"date":"2017-05-13T08:30:17","date_gmt":"2017-05-13T13:30:17","guid":{"rendered":"https:\/\/www.futboltotal.com.mx\/?p=478837"},"modified":"2017-05-13T10:31:20","modified_gmt":"2017-05-13T15:31:20","slug":"en-vivo-mainz-vs-eintracht-frankfurt-bundesliga","status":"publish","type":"post","link":"http:\/\/desarrollo.grupomedios.com\/futbol\/futbol-internacional\/en-vivo-mainz-vs-eintracht-frankfurt-bundesliga\/2017\/05","title":{"rendered":"AS\u00cd SE VIVI\u00d3 | Mainz 4-2 Eintracht Frankfurt | Bundesliga"},"content":{"rendered":"<p style=\"text-align: center;\"><span style=\"color: #3366ff;\"><a style=\"color: #3366ff;\" href=\"https:\/\/en-vivo.futboltotal.com.mx\/partido\/mainz-vs-eintracht-frankfurt-bundesliga%20\/86\/\" target=\"_blank\"><strong>DA CLICK AQU\u00cd Y SIGUE EN VIVO EL MAINZ 05 VS. FRANKFURT HOY A LAS 8:30 HRS.<\/strong><\/a><\/span><\/p>\n<p>En la Coface Arena de Maguncia, Renania, se celebrar\u00e1 el <strong>Mainz vs Eintracht Frankfurt<\/strong>, correspondiente a la jornada 33 de la Bundesliga, donde el equipo de Marco Fabi\u00e1n quiere volver al triunfo, tras dos derrotas consecutivas en el balompi\u00e9 alem\u00e1n. Las acciones comienzan a las 8:30 horas del tiempo del centro de M\u00e9xico, del s\u00e1bado 13 de mayo.<\/p>\n<p><strong>Mainz<\/strong> se juega la vida en este partido, pues quiere evitar perder la categor\u00eda, y est\u00e1 a solo cuatro puntos de la zona del descenso, as\u00ed que le urgen los tres puntos para evitar jugarse la permanencia en la \u00faltima fecha.<\/p>\n<p style=\"text-align: center;\"><span style=\"color: #3366ff;\"><a style=\"color: #3366ff;\" href=\"https:\/\/en-vivo.futboltotal.com.mx\/partido\/mainz-vs-eintracht-frankfurt-bundesliga%20\/86\/\" target=\"_blank\"><strong>DA CLICK AQU\u00cd Y SIGUE EN VIVO EL MAINZ 05 VS. FRANKFURT HOY A LAS 8:30 HRS.<\/strong><\/a><\/span><\/p>\n<p>Por otra parte, <strong>Eintracht Frankfurt<\/strong> busca reconciliarse con la victoria, luego de dos partidos seguidos con reveses. Marco Fabi\u00e1n ha sido pieza fundamental del equipo desde que reapareci\u00f3, incluso fue elogiado por Niko Kovac, su entrenador, con quien supuestamente hab\u00eda fricciones, desde que el timonel arrib\u00f3 al equipo.<\/p>\n<p>Adem\u00e1s, el equipo de <em>Marquito<\/em> quiere llevarse los seis puntos en lo que queda de la Bundesliga, en busca de alcanzar puestos europeos; su posibilidad es reducida pero a\u00fan la tiene, as\u00ed que necesita el triunfo, de lo contrario, la Europa League se le escapar\u00e1 de las manos.<\/p>\n<p><strong>Mainz vs Eintracht Frankfurt<\/strong>, \u00bfqui\u00e9n ganar\u00e1 este encuentro,<em> cracks<\/em>?<\/p>\n","protected":false},"excerpt":{"rendered":"<p>\u00a1El cuadro de Marco Fabi\u00e1n, quiere volver a la senda del triunfo!<\/p>\n","protected":false},"author":20,"featured_media":478838,"comment_status":"closed","ping_status":"closed","sticky":false,"template":"","format":"standard","meta":[],"categories":[3839,6822,6718],"tags":[119,3588],"_links":{"self":[{"href":"http:\/\/desarrollo.grupomedios.com\/futbol\/wp-json\/wp\/v2\/posts\/478837"}],"collection":[{"href":"http:\/\/desarrollo.grupomedios.com\/futbol\/wp-json\/wp\/v2\/posts"}],"about":[{"href":"http:\/\/desarrollo.grupomedios.com\/futbol\/wp-json\/wp\/v2\/types\/post"}],"author":[{"embeddable":true,"href":"http:\/\/desarrollo.grupomedios.com\/futbol\/wp-json\/wp\/v2\/users\/20"}],"replies":[{"embeddable":true,"href":"http:\/\/desarrollo.grupomedios.com\/futbol\/wp-json\/wp\/v2\/comments?post=478837"}],"version-history":[{"count":4,"href":"http:\/\/desarrollo.grupomedios.com\/futbol\/wp-json\/wp\/v2\/posts\/478837\/revisions"}],"predecessor-version":[{"id":478856,"href":"http:\/\/desarrollo.grupomedios.com\/futbol\/wp-json\/wp\/v2\/posts\/478837\/revisions\/478856"}],"wp:featuredmedia":[{"embeddable":true,"href":"http:\/\/desarrollo.grupomedios.com\/futbol\/wp-json\/wp\/v2\/media\/478838"}],"wp:attachment":[{"href":"http:\/\/desarrollo.grupomedios.com\/futbol\/wp-json\/wp\/v2\/media?parent=478837"}],"wp:term":[{"taxonomy":"category","embeddable":true,"href":"http:\/\/desarrollo.grupomedios.com\/futbol\/wp-json\/wp\/v2\/categories?post=478837"},{"taxonomy":"post_tag","embeddable":true,"href":"http:\/\/desarrollo.grupomedios.com\/futbol\/wp-json\/wp\/v2\/tags?post=478837"}],"curies":[{"name":"wp","href":"https:\/\/api.w.org\/{rel}","templated":true}]}}