{"id":478841,"date":"2017-05-13T08:25:50","date_gmt":"2017-05-13T13:25:50","guid":{"rendered":"https:\/\/www.futboltotal.com.mx\/?p=478841"},"modified":"2017-05-13T10:32:00","modified_gmt":"2017-05-13T15:32:00","slug":"en-vivo-bayer-leverkusen-vs-koln-bundesliga","status":"publish","type":"post","link":"http:\/\/desarrollo.grupomedios.com\/futbol\/futbol-internacional\/en-vivo-bayer-leverkusen-vs-koln-bundesliga\/2017\/05","title":{"rendered":"AS\u00cd SE VIVI\u00d3 | Bayer Leverkusen 2-2 Koln | Bundesliga"},"content":{"rendered":"<p style=\"text-align: center;\"><span style=\"color: #3366ff;\"><a style=\"color: #3366ff;\" href=\"https:\/\/en-vivo.futboltotal.com.mx\/partido\/bayer-leverkusen-vs-koln-Bundesliga\/87\/\" target=\"_blank\"><strong>DA CLICK AQU\u00cd Y SIGUE EN VIVO EL BAYER04 VS. COLONIA HOY A LAS 8:30 HRS.<\/strong><\/a><\/span><\/p>\n<p>Este s\u00e1bado 13 de mayo se celebra el cl\u00e1sico de Colonia, el <strong>Bayer Leverkusen vs Koln<\/strong>, en su edici\u00f3n n\u00famero 60, correspondiente a la semana 33 de la actividad de la Bundesliga, donde Chicharito espera ver actividad, tras un par de partidos en los que fue borrado. Las acciones inician a las 8:30 horas del tiempo del centro de M\u00e9xico, en la BayArena.<\/p>\n<p>El historial del derbi de Colonia se reduce a los siguientes n\u00fameros: 59 encuentros celebrados, 22 victorias para el <strong>Bayer Leverkusen<\/strong> y 14 para el <strong>Koln<\/strong>; mientras que los 23 partidos restantes han quedado en empate.<\/p>\n<p style=\"text-align: center;\"><span style=\"color: #3366ff;\"><a style=\"color: #3366ff;\" href=\"https:\/\/en-vivo.futboltotal.com.mx\/partido\/bayer-leverkusen-vs-koln-Bundesliga\/87\/\" target=\"_blank\"><strong>DA CLICK AQU\u00cd Y SIGUE EN VIVO EL BAYER04 VS. COLONIA HOY A LAS 8:30 HRS.<\/strong><\/a><\/span><\/p>\n<p>Chicharito espera ver actividad en este encuentro, luego de dos jornadas seguidas de ver las acciones desde la banca, en algo que periodistas de distintos pa\u00edses, se han encargado de traducir, como un acto personal\u00a0 contra el mexicano, de parte del director t\u00e9cnico de las <em>Aspirinas<\/em>, Tayfun Korkut, a quien ya ven fuera del cargo.<\/p>\n<p><a class=\"twitter-timeline\" href=\"https:\/\/twitter.com\/bayer04_es\">Tweets by bayer04_es<\/a> <script async src=\"\/\/platform.twitter.com\/widgets.js\" charset=\"utf-8\"><\/script><\/p>\n<p>El equipo del Chicharito espera sacar la victoria ante su antiqu\u00edsimo rival, para evitar meterse a problemas de descenso, en la \u00faltima semana. Cabe destacar que este duelo se llevar\u00e1 a cabo al mismo tiempo que otros ocho partidos.<\/p>\n<p><strong>Bayer Leverkusen vs Koln<\/strong>, \u00bfqui\u00e9n ganar\u00e1 este encuentro,<em> cracks<\/em>?<\/p>\n","protected":false},"excerpt":{"rendered":"<p>\u00a1Chicharito y las Aspirinas van por los tres puntos en el cl\u00e1sico de la regi\u00f3n!<\/p>\n","protected":false},"author":20,"featured_media":478842,"comment_status":"closed","ping_status":"closed","sticky":false,"template":"","format":"standard","meta":[],"categories":[3839,6822,6718],"tags":[4335,119],"_links":{"self":[{"href":"http:\/\/desarrollo.grupomedios.com\/futbol\/wp-json\/wp\/v2\/posts\/478841"}],"collection":[{"href":"http:\/\/desarrollo.grupomedios.com\/futbol\/wp-json\/wp\/v2\/posts"}],"about":[{"href":"http:\/\/desarrollo.grupomedios.com\/futbol\/wp-json\/wp\/v2\/types\/post"}],"author":[{"embeddable":true,"href":"http:\/\/desarrollo.grupomedios.com\/futbol\/wp-json\/wp\/v2\/users\/20"}],"replies":[{"embeddable":true,"href":"http:\/\/desarrollo.grupomedios.com\/futbol\/wp-json\/wp\/v2\/comments?post=478841"}],"version-history":[{"count":6,"href":"http:\/\/desarrollo.grupomedios.com\/futbol\/wp-json\/wp\/v2\/posts\/478841\/revisions"}],"predecessor-version":[{"id":478857,"href":"http:\/\/desarrollo.grupomedios.com\/futbol\/wp-json\/wp\/v2\/posts\/478841\/revisions\/478857"}],"wp:featuredmedia":[{"embeddable":true,"href":"http:\/\/desarrollo.grupomedios.com\/futbol\/wp-json\/wp\/v2\/media\/478842"}],"wp:attachment":[{"href":"http:\/\/desarrollo.grupomedios.com\/futbol\/wp-json\/wp\/v2\/media?parent=478841"}],"wp:term":[{"taxonomy":"category","embeddable":true,"href":"http:\/\/desarrollo.grupomedios.com\/futbol\/wp-json\/wp\/v2\/categories?post=478841"},{"taxonomy":"post_tag","embeddable":true,"href":"http:\/\/desarrollo.grupomedios.com\/futbol\/wp-json\/wp\/v2\/tags?post=478841"}],"curies":[{"name":"wp","href":"https:\/\/api.w.org\/{rel}","templated":true}]}}