{"id":478849,"date":"2017-05-13T09:04:37","date_gmt":"2017-05-13T14:04:37","guid":{"rendered":"https:\/\/www.futboltotal.com.mx\/?p=478849"},"modified":"2017-05-13T09:04:37","modified_gmt":"2017-05-13T14:04:37","slug":"erik-cubo-torres-volvio-a-marcar-dio-triunfo-al-dynamo","status":"publish","type":"post","link":"http:\/\/desarrollo.grupomedios.com\/futbol\/futbol-internacional\/erik-cubo-torres-volvio-a-marcar-dio-triunfo-al-dynamo\/2017\/05","title":{"rendered":"Cubo Torres volvi\u00f3 a marcar y dio triunfo al Dynamo"},"content":{"rendered":"<p>El delantero mexicano <strong>Erick <em>Cubo<\/em>\u00a0Torres<\/strong> volvi\u00f3 a ser decisivo en el juego ofensivo del<strong> Houston Dynamo<\/strong> al marcar el gol que permiti\u00f3 al equipo tejano vencer esta noche por 2-1 a los Whitecaps de Vancouver en partido adelantado de la und\u00e9cima jornada de la <strong>MLS<\/strong>.<\/p>\n<p>El gol del <strong>Cubo\u00a0Torres<\/strong>, octavo que consigue en lo que va de liga y que lo deja de l\u00edder provisional de los m\u00e1ximos realizadores de la MLS, lleg\u00f3 al minuto 68 de la segunda parte para poner el 2-0 parcial.<\/p>\n<p>El internacional mexicano se encarg\u00f3 de lanzar el penalti con el que el equipo canadiense hab\u00eda sido castigado al derribar un defensor al delantero colombiano Mauro Manotas cuando iba en carrera para intentar rematar un centro.<\/p>\n<p style=\"text-align: center;\"><span style=\"color: #3366ff;\"><a style=\"color: #3366ff;\" href=\"https:\/\/www.futboltotal.com.mx\/2017\/05\/maradona-envia-mensaje-elogio-a-christian-martinoli\/\">VER M\u00c1S: Maradona env\u00eda un mensaje de elogio a Christian Martinoli<\/a><\/span><\/p>\n<blockquote class=\"twitter-tweet\" data-width=\"500\">\n<p lang=\"es\" dir=\"ltr\">\u00a1No podia faltar <a href=\"https:\/\/twitter.com\/erickestefano15\">@erickestefano15<\/a> a su cita con el gol! <a href=\"https:\/\/twitter.com\/hashtag\/HOUvVAN?src=hash\">#HOUvVAN<\/a> 2-0 <a href=\"https:\/\/t.co\/XsaU7ORDzJ\">pic.twitter.com\/XsaU7ORDzJ<\/a><\/p>\n<p>&mdash; F\u00fatbol MLS (@futbolMLS) <a href=\"https:\/\/twitter.com\/futbolMLS\/status\/863222596636200960\">May 13, 2017<\/a><\/p><\/blockquote>\n<p><script async src=\"\/\/platform.twitter.com\/widgets.js\" charset=\"utf-8\"><\/script><\/p>\n<p>El m\u00e1ximo goleador de la liga no hab\u00eda salido de titular sino que entr\u00f3 al minuto 31 de la primera parte despu\u00e9s que el delantero hondure\u00f1o Alberth Elis tuvo que retirarse por lesi\u00f3n en la pierna derecha.<\/p>\n<p>Elis hab\u00eda sido el autor del primer gol del <strong>Dynamo<\/strong> que lleg\u00f3 al minuto 15 de la primera parte al rematar perfecto de cabeza un centro que le puso desde la izquierda su compatriota Romell Quioto.<\/p>\n<p>La victoria permiti\u00f3 al <strong>Dynamo<\/strong> ponerse como l\u00edder provisional de la Conferencia Oeste con marca de 19 puntos (6-1-3), dos puntos m\u00e1s que el FC Dallas, que el domingo protagoniza en su campo del Toyota Stadium el partido de la jornada en el duelo contra el New York City.<\/p>\n","protected":false},"excerpt":{"rendered":"<p>El mexicano es l\u00edder de goleo en la MLS.<\/p>\n","protected":false},"author":144,"featured_media":469508,"comment_status":"closed","ping_status":"closed","sticky":false,"template":"","format":"standard","meta":[],"categories":[3839,5951],"tags":[4274,3883,64,195],"_links":{"self":[{"href":"http:\/\/desarrollo.grupomedios.com\/futbol\/wp-json\/wp\/v2\/posts\/478849"}],"collection":[{"href":"http:\/\/desarrollo.grupomedios.com\/futbol\/wp-json\/wp\/v2\/posts"}],"about":[{"href":"http:\/\/desarrollo.grupomedios.com\/futbol\/wp-json\/wp\/v2\/types\/post"}],"author":[{"embeddable":true,"href":"http:\/\/desarrollo.grupomedios.com\/futbol\/wp-json\/wp\/v2\/users\/144"}],"replies":[{"embeddable":true,"href":"http:\/\/desarrollo.grupomedios.com\/futbol\/wp-json\/wp\/v2\/comments?post=478849"}],"version-history":[{"count":1,"href":"http:\/\/desarrollo.grupomedios.com\/futbol\/wp-json\/wp\/v2\/posts\/478849\/revisions"}],"predecessor-version":[{"id":478850,"href":"http:\/\/desarrollo.grupomedios.com\/futbol\/wp-json\/wp\/v2\/posts\/478849\/revisions\/478850"}],"wp:featuredmedia":[{"embeddable":true,"href":"http:\/\/desarrollo.grupomedios.com\/futbol\/wp-json\/wp\/v2\/media\/469508"}],"wp:attachment":[{"href":"http:\/\/desarrollo.grupomedios.com\/futbol\/wp-json\/wp\/v2\/media?parent=478849"}],"wp:term":[{"taxonomy":"category","embeddable":true,"href":"http:\/\/desarrollo.grupomedios.com\/futbol\/wp-json\/wp\/v2\/categories?post=478849"},{"taxonomy":"post_tag","embeddable":true,"href":"http:\/\/desarrollo.grupomedios.com\/futbol\/wp-json\/wp\/v2\/tags?post=478849"}],"curies":[{"name":"wp","href":"https:\/\/api.w.org\/{rel}","templated":true}]}}