{"id":478862,"date":"2017-05-13T11:11:49","date_gmt":"2017-05-13T16:11:49","guid":{"rendered":"https:\/\/www.futboltotal.com.mx\/?p=478862"},"modified":"2017-05-13T11:11:49","modified_gmt":"2017-05-13T16:11:49","slug":"problemas-chicharito-salio-le-dio-la-mano-al-entrenador","status":"publish","type":"post","link":"http:\/\/desarrollo.grupomedios.com\/futbol\/destacado-home\/problemas-chicharito-salio-le-dio-la-mano-al-entrenador\/2017\/05","title":{"rendered":"\u00bfProblemas? Chicharito sali\u00f3 y no le dio la mano al entrenador"},"content":{"rendered":"<p>Durante el duelo donde el <span style=\"color: #3366ff;\"><a style=\"color: #3366ff;\" href=\"https:\/\/www.futboltotal.com.mx\/2017\/05\/en-vivo-bayer-leverkusen-vs-koln-bundesliga\/\" target=\"_blank\">Bayer Leverkusen empat\u00f3 con el Koln<\/a><\/span>, el mexicano <strong>Javier Chicharito Her\u00e1ndez<\/strong> inici\u00f3 como titular pero no pudo marcar durante el partido, motivo por el que el entrenador Tayfun Korkut decidi\u00f3 sacarlo del encuentro al minuto 67&#8242;.<\/p>\n<p>En ese momento fue cuando se dio la pol\u00e9mica, pues a pesar de que<strong> Chicharito<\/strong> es el mejor anotador de las aspirinas, el entrenador turc\u00f3 decidi\u00f3 sustituirlo cuando su equipo ca\u00eda 1-2 y darle ingreso a Joel Pohjanpalo.<\/p>\n<p style=\"text-align: center;\"><span style=\"color: #3366ff;\"><a style=\"color: #3366ff;\" href=\"https:\/\/www.futboltotal.com.mx\/2017\/05\/maradona-envia-mensaje-elogio-a-christian-martinoli\/\">VER M\u00c1S: Maradona env\u00eda un mensaje de elogio a Christian Martinoli<\/a><\/span><\/p>\n<blockquote class=\"twitter-tweet\" data-width=\"500\">\n<p lang=\"es\" dir=\"ltr\">Chicharito no saludo a su entrenador. <a href=\"https:\/\/t.co\/bS9VYuazoM\">pic.twitter.com\/bS9VYuazoM<\/a><\/p>\n<p>&mdash; Mundofutbol (@mundo_futgol) <a href=\"https:\/\/twitter.com\/mundo_futgol\/status\/863423075693596672\">May 13, 2017<\/a><\/p><\/blockquote>\n<p><script async src=\"\/\/platform.twitter.com\/widgets.js\" charset=\"utf-8\"><\/script><\/p>\n<p>El mexicano volvi\u00f3 a la titularidad apenas en este encuentro, pues en los \u00faltimos tres partidos no hab\u00eda jugado y se mantuvo en el banco de suplentes.<\/p>\n<p>La posible mala relaci\u00f3n con el t\u00e9cnico turco podr\u00eda dejar fuera a <strong>Chicharito<\/strong> del Leverkusen, incluso ya se rumora que <span style=\"color: #3366ff;\"><a style=\"color: #3366ff;\" href=\"https:\/\/www.futboltotal.com.mx\/2017\/05\/chicharito-fuerte-opcion-mourinho-volver-a-manchester-united\/\" target=\"_blank\">el mexicano podr\u00eda regresar al Manchester United con Jos\u00e9 Mourinho<\/a><\/span>.<\/p>\n","protected":false},"excerpt":{"rendered":"<p>Chicharito sali\u00f3 cuando el Bayer perd\u00eda y faltaban 25 minutos de partido.<\/p>\n","protected":false},"author":20,"featured_media":478863,"comment_status":"closed","ping_status":"closed","sticky":false,"template":"","format":"standard","meta":[],"categories":[5,3839,2198,3845],"tags":[4335,120],"_links":{"self":[{"href":"http:\/\/desarrollo.grupomedios.com\/futbol\/wp-json\/wp\/v2\/posts\/478862"}],"collection":[{"href":"http:\/\/desarrollo.grupomedios.com\/futbol\/wp-json\/wp\/v2\/posts"}],"about":[{"href":"http:\/\/desarrollo.grupomedios.com\/futbol\/wp-json\/wp\/v2\/types\/post"}],"author":[{"embeddable":true,"href":"http:\/\/desarrollo.grupomedios.com\/futbol\/wp-json\/wp\/v2\/users\/20"}],"replies":[{"embeddable":true,"href":"http:\/\/desarrollo.grupomedios.com\/futbol\/wp-json\/wp\/v2\/comments?post=478862"}],"version-history":[{"count":1,"href":"http:\/\/desarrollo.grupomedios.com\/futbol\/wp-json\/wp\/v2\/posts\/478862\/revisions"}],"predecessor-version":[{"id":478864,"href":"http:\/\/desarrollo.grupomedios.com\/futbol\/wp-json\/wp\/v2\/posts\/478862\/revisions\/478864"}],"wp:featuredmedia":[{"embeddable":true,"href":"http:\/\/desarrollo.grupomedios.com\/futbol\/wp-json\/wp\/v2\/media\/478863"}],"wp:attachment":[{"href":"http:\/\/desarrollo.grupomedios.com\/futbol\/wp-json\/wp\/v2\/media?parent=478862"}],"wp:term":[{"taxonomy":"category","embeddable":true,"href":"http:\/\/desarrollo.grupomedios.com\/futbol\/wp-json\/wp\/v2\/categories?post=478862"},{"taxonomy":"post_tag","embeddable":true,"href":"http:\/\/desarrollo.grupomedios.com\/futbol\/wp-json\/wp\/v2\/tags?post=478862"}],"curies":[{"name":"wp","href":"https:\/\/api.w.org\/{rel}","templated":true}]}}