{"id":478865,"date":"2017-05-13T11:21:43","date_gmt":"2017-05-13T16:21:43","guid":{"rendered":"https:\/\/www.futboltotal.com.mx\/?p=478865"},"modified":"2017-05-13T11:21:43","modified_gmt":"2017-05-13T16:21:43","slug":"gerard-pique-al-hospital-baja-barcelona","status":"publish","type":"post","link":"http:\/\/desarrollo.grupomedios.com\/futbol\/futbol-internacional\/gerard-pique-al-hospital-baja-barcelona\/2017\/05","title":{"rendered":"Gerard Piqu\u00e9 al hospital y es baja con el Barcelona"},"content":{"rendered":"<p>El central del <strong>Barcelona<\/strong>,\u00a0<strong>Gerard Piqu\u00e9<\/strong> ha tenido que ser ingresado en un centro hospitalario, a causa de un dolor abdominal que le ha impedido entrar en la lista de convocados para jugar ante la UD Las Palmas, seg\u00fan ha informado el club azulgrana.<\/p>\n<p>https:\/\/twitter.com\/FCBarcelona_es\/status\/863421151611150336<\/p>\n<p>El periodo de baja de <strong>Piqu\u00e9<\/strong> estar\u00e1 en funci\u00f3n de la evoluci\u00f3n. Por contra quien ha recibido el alta m\u00e9dica es Lucas Digne, que ten\u00eda molestias musculares tras el \u00faltimo partido ante el Villarreal.<\/p>\n<p style=\"text-align: center;\"><span style=\"color: #3366ff;\"><a style=\"color: #3366ff;\" href=\"https:\/\/www.futboltotal.com.mx\/2017\/05\/cruz-azul-busca-a-primer-refuerzo-europeo\/\">VER M\u00c1S: Cruz Azul busca a su primer refuerzo y es \u2018europeo\u2019<\/a><\/span><\/p>\n<p>En la lista de convocados que ha hecho p\u00fablica el club azulgrana destacan las altas de los jugadores del filial Carles Ale\u00f1\u00e0 y Marlon Santos. De baja siguen Mathieu y Rafinha, as\u00ed como la de larga duraci\u00f3n de Aleix Vidal y la que se ha conocido hoy de Piqu\u00e9.<\/p>\n<p>La lista es la siguiente: Ter Stegen, Cillessen, Masip, I. Rakitic, Sergio Busquets, Denis Su\u00e1rez, Arda, Andr\u00e9s Iniesta, Luis Su\u00e1rez, Leo Messi, Neymar Jr, Mascherano, Paco Alc\u00e1cer, Jordi Alba, Digne, Andr\u00e9 Gomes, Umtiti, Ale\u00f1\u00e1 y Marlon. EFE<\/p>\n","protected":false},"excerpt":{"rendered":"<p>El defensa no jugar\u00e1 ante Las Palmas.<\/p>\n","protected":false},"author":144,"featured_media":462674,"comment_status":"closed","ping_status":"closed","sticky":false,"template":"","format":"standard","meta":[],"categories":[3839,3844,5951],"tags":[5984],"_links":{"self":[{"href":"http:\/\/desarrollo.grupomedios.com\/futbol\/wp-json\/wp\/v2\/posts\/478865"}],"collection":[{"href":"http:\/\/desarrollo.grupomedios.com\/futbol\/wp-json\/wp\/v2\/posts"}],"about":[{"href":"http:\/\/desarrollo.grupomedios.com\/futbol\/wp-json\/wp\/v2\/types\/post"}],"author":[{"embeddable":true,"href":"http:\/\/desarrollo.grupomedios.com\/futbol\/wp-json\/wp\/v2\/users\/144"}],"replies":[{"embeddable":true,"href":"http:\/\/desarrollo.grupomedios.com\/futbol\/wp-json\/wp\/v2\/comments?post=478865"}],"version-history":[{"count":1,"href":"http:\/\/desarrollo.grupomedios.com\/futbol\/wp-json\/wp\/v2\/posts\/478865\/revisions"}],"predecessor-version":[{"id":478866,"href":"http:\/\/desarrollo.grupomedios.com\/futbol\/wp-json\/wp\/v2\/posts\/478865\/revisions\/478866"}],"wp:featuredmedia":[{"embeddable":true,"href":"http:\/\/desarrollo.grupomedios.com\/futbol\/wp-json\/wp\/v2\/media\/462674"}],"wp:attachment":[{"href":"http:\/\/desarrollo.grupomedios.com\/futbol\/wp-json\/wp\/v2\/media?parent=478865"}],"wp:term":[{"taxonomy":"category","embeddable":true,"href":"http:\/\/desarrollo.grupomedios.com\/futbol\/wp-json\/wp\/v2\/categories?post=478865"},{"taxonomy":"post_tag","embeddable":true,"href":"http:\/\/desarrollo.grupomedios.com\/futbol\/wp-json\/wp\/v2\/tags?post=478865"}],"curies":[{"name":"wp","href":"https:\/\/api.w.org\/{rel}","templated":true}]}}