{"id":478868,"date":"2017-05-13T11:56:52","date_gmt":"2017-05-13T16:56:52","guid":{"rendered":"https:\/\/www.futboltotal.com.mx\/?p=478868"},"modified":"2017-05-13T11:56:52","modified_gmt":"2017-05-13T16:56:52","slug":"pique-protagoniza-video-me-enamore-shakira","status":"publish","type":"post","link":"http:\/\/desarrollo.grupomedios.com\/futbol\/videos\/pique-protagoniza-video-me-enamore-shakira\/2017\/05","title":{"rendered":"Piqu\u00e9 protagoniza video &#8216;Me enamor\u00e9&#8217; de Shakira"},"content":{"rendered":"<p>La cantante colombiana Shakira lanz\u00f3 el video oficial de su canci\u00f3n dedicada a <strong>Gerard Piqu\u00e9<\/strong> \u201cMe enamor\u00e9\u201d, mismo en el que sorprendi\u00f3 a todos sus seguidores al protagonizarlo al lado del central del Barcelona.<\/p>\n<p>Durante el video se puede ver que la cantante colombiana se divierte de la mano de un hombre, pues la toma del video es en primera persona y solo se ve a Shakira, pues hasta el final del video es cuando aparece <strong>Piqu\u00e9<\/strong> a escena.<\/p>\n<p>Hasta el momento el video publicado en el perfil oficial de YouTube de la cantante cuenta con casi seis millones de visitas.<\/p>\n<p style=\"text-align: center;\"><span style=\"color: #3366ff;\"><a style=\"color: #3366ff;\" href=\"https:\/\/www.futboltotal.com.mx\/2017\/05\/problemas-chicharito-salio-le-dio-la-mano-al-entrenador\/\">VER M\u00c1S: \u00bfProblemas? Chicharito sali\u00f3 y no le dio la mano al entrenador<\/a><\/span><\/p>\n<p><iframe loading=\"lazy\" src=\"https:\/\/www.youtube.com\/embed\/sPTn0QEhxds?feature=oembed\" frameborder=\"0\" allowfullscreen><\/iframe><\/p>\n","protected":false},"excerpt":{"rendered":"<p>Piqu\u00e9 aparece con la colombiana mostrando su amor.<\/p>\n","protected":false},"author":20,"featured_media":478869,"comment_status":"closed","ping_status":"closed","sticky":false,"template":"","format":"standard","meta":[],"categories":[3839,4],"tags":[841,2005],"_links":{"self":[{"href":"http:\/\/desarrollo.grupomedios.com\/futbol\/wp-json\/wp\/v2\/posts\/478868"}],"collection":[{"href":"http:\/\/desarrollo.grupomedios.com\/futbol\/wp-json\/wp\/v2\/posts"}],"about":[{"href":"http:\/\/desarrollo.grupomedios.com\/futbol\/wp-json\/wp\/v2\/types\/post"}],"author":[{"embeddable":true,"href":"http:\/\/desarrollo.grupomedios.com\/futbol\/wp-json\/wp\/v2\/users\/20"}],"replies":[{"embeddable":true,"href":"http:\/\/desarrollo.grupomedios.com\/futbol\/wp-json\/wp\/v2\/comments?post=478868"}],"version-history":[{"count":1,"href":"http:\/\/desarrollo.grupomedios.com\/futbol\/wp-json\/wp\/v2\/posts\/478868\/revisions"}],"predecessor-version":[{"id":478870,"href":"http:\/\/desarrollo.grupomedios.com\/futbol\/wp-json\/wp\/v2\/posts\/478868\/revisions\/478870"}],"wp:featuredmedia":[{"embeddable":true,"href":"http:\/\/desarrollo.grupomedios.com\/futbol\/wp-json\/wp\/v2\/media\/478869"}],"wp:attachment":[{"href":"http:\/\/desarrollo.grupomedios.com\/futbol\/wp-json\/wp\/v2\/media?parent=478868"}],"wp:term":[{"taxonomy":"category","embeddable":true,"href":"http:\/\/desarrollo.grupomedios.com\/futbol\/wp-json\/wp\/v2\/categories?post=478868"},{"taxonomy":"post_tag","embeddable":true,"href":"http:\/\/desarrollo.grupomedios.com\/futbol\/wp-json\/wp\/v2\/tags?post=478868"}],"curies":[{"name":"wp","href":"https:\/\/api.w.org\/{rel}","templated":true}]}}