{"id":478871,"date":"2017-05-13T12:52:52","date_gmt":"2017-05-13T17:52:52","guid":{"rendered":"https:\/\/www.futboltotal.com.mx\/?p=478871"},"modified":"2017-05-13T14:26:48","modified_gmt":"2017-05-13T19:26:48","slug":"raul-jimenez-anota-le-esta-dando-titulo-al-benfica","status":"publish","type":"post","link":"http:\/\/desarrollo.grupomedios.com\/futbol\/destacado-home\/raul-jimenez-anota-le-esta-dando-titulo-al-benfica\/2017\/05","title":{"rendered":"\u00a1Ra\u00fal Jim\u00e9nez anota con el Benfica!"},"content":{"rendered":"<p>Durante el <span style=\"color: #0000ff;\"><a style=\"color: #0000ff;\" href=\"https:\/\/en-vivo.futboltotal.com.mx\/partido\/benfica-vs-vitoria-guimaraes-primeira-liga\/85\/\" target=\"_blank\">duelo entre el Benfica y el Vitoria Guimaraes<\/a><\/span>, el mexicano <strong>Ra\u00fal Jim\u00e9nez<\/strong> se encarg\u00f3 de marcar el segundo gol del encuentro para que las \u00c1guilas est\u00e9n cerca de lograr el Bicampeonato de la Liga Portuguesa.<\/p>\n<p>Franco Cervi abri\u00f3 el marcador a los 11&#8242; minutos para el <strong>Benfica<\/strong>, pero apenas 5 minutos despu\u00e9s <strong>Jim\u00e9nez<\/strong> marc\u00f3 el segundo gol del partido y que le estar\u00eda dando el t\u00edtulo.<\/p>\n<p style=\"text-align: center;\"><span style=\"color: #3366ff;\"><a style=\"color: #3366ff;\" href=\"https:\/\/www.futboltotal.com.mx\/2017\/05\/cruz-azul-busca-a-primer-refuerzo-europeo\/\">VER M\u00c1S: Cruz Azul busca a su primer refuerzo y es \u2018europeo\u2019<\/a><\/span><\/p>\n<p>https:\/\/twitter.com\/90minutosmex2\/status\/863452049345724417<\/p>\n","protected":false},"excerpt":{"rendered":"<p>Jim\u00e9nez marc\u00f3 el segundo gol.<\/p>\n","protected":false},"author":129,"featured_media":466923,"comment_status":"closed","ping_status":"closed","sticky":false,"template":"","format":"standard","meta":[],"categories":[5,3839],"tags":[6060,742],"_links":{"self":[{"href":"http:\/\/desarrollo.grupomedios.com\/futbol\/wp-json\/wp\/v2\/posts\/478871"}],"collection":[{"href":"http:\/\/desarrollo.grupomedios.com\/futbol\/wp-json\/wp\/v2\/posts"}],"about":[{"href":"http:\/\/desarrollo.grupomedios.com\/futbol\/wp-json\/wp\/v2\/types\/post"}],"author":[{"embeddable":true,"href":"http:\/\/desarrollo.grupomedios.com\/futbol\/wp-json\/wp\/v2\/users\/129"}],"replies":[{"embeddable":true,"href":"http:\/\/desarrollo.grupomedios.com\/futbol\/wp-json\/wp\/v2\/comments?post=478871"}],"version-history":[{"count":5,"href":"http:\/\/desarrollo.grupomedios.com\/futbol\/wp-json\/wp\/v2\/posts\/478871\/revisions"}],"predecessor-version":[{"id":478888,"href":"http:\/\/desarrollo.grupomedios.com\/futbol\/wp-json\/wp\/v2\/posts\/478871\/revisions\/478888"}],"wp:featuredmedia":[{"embeddable":true,"href":"http:\/\/desarrollo.grupomedios.com\/futbol\/wp-json\/wp\/v2\/media\/466923"}],"wp:attachment":[{"href":"http:\/\/desarrollo.grupomedios.com\/futbol\/wp-json\/wp\/v2\/media?parent=478871"}],"wp:term":[{"taxonomy":"category","embeddable":true,"href":"http:\/\/desarrollo.grupomedios.com\/futbol\/wp-json\/wp\/v2\/categories?post=478871"},{"taxonomy":"post_tag","embeddable":true,"href":"http:\/\/desarrollo.grupomedios.com\/futbol\/wp-json\/wp\/v2\/tags?post=478871"}],"curies":[{"name":"wp","href":"https:\/\/api.w.org\/{rel}","templated":true}]}}