{"id":478877,"date":"2017-05-13T13:29:57","date_gmt":"2017-05-13T18:29:57","guid":{"rendered":"https:\/\/www.futboltotal.com.mx\/?p=478877"},"modified":"2017-05-13T13:29:57","modified_gmt":"2017-05-13T18:29:57","slug":"dt-del-bayer-leverkusen-nego-problemas-chicharito","status":"publish","type":"post","link":"http:\/\/desarrollo.grupomedios.com\/futbol\/futbol-internacional\/dt-del-bayer-leverkusen-nego-problemas-chicharito\/2017\/05","title":{"rendered":"DT del Bayer Leverkusen neg\u00f3 problemas con Chicharito"},"content":{"rendered":"<p>Este s\u00e1bado <strong>Javier Chicharito Hern\u00e1ndez<\/strong> regres\u00f3 a la titularidad con el Bayer Leverkusen en el partido ante el Koln y termin\u00f3 saliendo de cambio, situaci\u00f3n que molest\u00f3 al mexicano.<\/p>\n<p>Incluso cuando iba rumbo a la banca, <strong>Chicharito<\/strong> <span style=\"color: #3366ff;\"><a style=\"color: #3366ff;\" href=\"https:\/\/www.futboltotal.com.mx\/2017\/05\/problemas-chicharito-salio-le-dio-la-mano-al-entrenador\/\" target=\"_blank\">no le dio la mano al entrenador Tayfun Korkut<\/a><\/span> y caus\u00f3 pol\u00e9mica, acci\u00f3n que el t\u00e9cnico turco hizo omisa.<\/p>\n<p>Ante esta situaci\u00f3n, el estratega del Leverkusen Tayfun Korkut habl\u00f3 acerca de la actitud del mexicano en la BayArena.<\/p>\n<p style=\"text-align: center;\"><span style=\"color: #3366ff;\"><a style=\"color: #3366ff;\" href=\"https:\/\/www.futboltotal.com.mx\/2017\/05\/raul-jimenez-anota-le-esta-dando-titulo-al-benfica\/\">VER M\u00c1S: \u00a1Ra\u00fal Jim\u00e9nez anota y le est\u00e1 dando el t\u00edtulo al Benfica!<\/a><\/span><\/p>\n<blockquote><p>\u201c\u00c9l no estaba enfadado enfadado, claro que no le gust\u00f3 salir pero lo respeto. Lo que hemos visto esta semana es que ha entrenado muy bien. \u00c9l quiere ser titular, eso es lo importante. Ha reaccionado esta semana y por eso ha estado en el 11\u201d, declar\u00f3 a ESPN.<\/p><\/blockquote>\n<p>Adem\u00e1s, el t\u00e9cnico de <strong>Chicharito<\/strong> recalc\u00f3 no tener alg\u00fan problema con \u00e9l ya que considera que las reglas son iguales para todos los futbolistas.<\/p>\n<blockquote><p>\u201cEl trato es igual, no hay diferencias. Una cosas es clara las reglas que tenemos para el equipo y la forma de comunicar las cosas son para todos igual. El trato con cada uno var\u00eda, hay gente con la que hablamos m\u00e1s y otras menos\u201d, finaliz\u00f3.<\/p><\/blockquote>\n","protected":false},"excerpt":{"rendered":"<p>El turco habl\u00f3 sobre el problema con Hern\u00e1ndez.<\/p>\n","protected":false},"author":20,"featured_media":457262,"comment_status":"closed","ping_status":"closed","sticky":false,"template":"","format":"standard","meta":[],"categories":[3839],"tags":[4335,120],"_links":{"self":[{"href":"http:\/\/desarrollo.grupomedios.com\/futbol\/wp-json\/wp\/v2\/posts\/478877"}],"collection":[{"href":"http:\/\/desarrollo.grupomedios.com\/futbol\/wp-json\/wp\/v2\/posts"}],"about":[{"href":"http:\/\/desarrollo.grupomedios.com\/futbol\/wp-json\/wp\/v2\/types\/post"}],"author":[{"embeddable":true,"href":"http:\/\/desarrollo.grupomedios.com\/futbol\/wp-json\/wp\/v2\/users\/20"}],"replies":[{"embeddable":true,"href":"http:\/\/desarrollo.grupomedios.com\/futbol\/wp-json\/wp\/v2\/comments?post=478877"}],"version-history":[{"count":1,"href":"http:\/\/desarrollo.grupomedios.com\/futbol\/wp-json\/wp\/v2\/posts\/478877\/revisions"}],"predecessor-version":[{"id":478878,"href":"http:\/\/desarrollo.grupomedios.com\/futbol\/wp-json\/wp\/v2\/posts\/478877\/revisions\/478878"}],"wp:featuredmedia":[{"embeddable":true,"href":"http:\/\/desarrollo.grupomedios.com\/futbol\/wp-json\/wp\/v2\/media\/457262"}],"wp:attachment":[{"href":"http:\/\/desarrollo.grupomedios.com\/futbol\/wp-json\/wp\/v2\/media?parent=478877"}],"wp:term":[{"taxonomy":"category","embeddable":true,"href":"http:\/\/desarrollo.grupomedios.com\/futbol\/wp-json\/wp\/v2\/categories?post=478877"},{"taxonomy":"post_tag","embeddable":true,"href":"http:\/\/desarrollo.grupomedios.com\/futbol\/wp-json\/wp\/v2\/tags?post=478877"}],"curies":[{"name":"wp","href":"https:\/\/api.w.org\/{rel}","templated":true}]}}