{"id":478885,"date":"2017-05-13T14:25:59","date_gmt":"2017-05-13T19:25:59","guid":{"rendered":"https:\/\/www.futboltotal.com.mx\/?p=478885"},"modified":"2017-05-13T14:25:59","modified_gmt":"2017-05-13T19:25:59","slug":"benfica-y-raul-jimenez-logran-el-tetracampeonato-en-portugal","status":"publish","type":"post","link":"http:\/\/desarrollo.grupomedios.com\/futbol\/destacado-home\/benfica-y-raul-jimenez-logran-el-tetracampeonato-en-portugal\/2017\/05","title":{"rendered":"\u00a1Benfica y Ra\u00fal Jim\u00e9nez logran el Tetracampeonato en Portugal!"},"content":{"rendered":"<p>Con una goleada de 5-0, donde <span style=\"color: #3366ff;\"><a style=\"color: #3366ff;\" href=\"https:\/\/www.futboltotal.com.mx\/2017\/05\/raul-jimenez-anota-le-esta-dando-titulo-al-benfica\/\" target=\"_blank\">el mexicano Ra\u00fal Jim\u00e9nez marc\u00f3 uno de los goles<\/a><\/span>, el <strong>Benfica<\/strong> derrot\u00f3 al Vitoria Guimaraes y \u00a0consigui\u00f3 el Tetracampeonato en el futbol de Portugal.<\/p>\n<p>El equipo de las \u00c1guilas ten\u00edan que ganar y con apenas 11&#8242; minutos en el marcador se fueron arriba gracias a un gol de Cervi y cinco minutos m\u00e1s tarde <strong>Jim\u00e9nez<\/strong> marc\u00f3 el 2-0.<\/p>\n<p style=\"text-align: center;\"><span style=\"color: #3366ff;\"><a style=\"color: #3366ff;\" href=\"https:\/\/www.futboltotal.com.mx\/2017\/05\/guillermo-ochoa-rompio-historico-record-en-espana\/\">VER M\u00c1S: Ochoa cay\u00f3 con el Granada y rompi\u00f3 hist\u00f3rico r\u00e9cord en Espa\u00f1a<\/a><\/span><\/p>\n<p>https:\/\/twitter.com\/90minutosmex2\/status\/863452049345724417<\/p>\n<p>https:\/\/twitter.com\/SLBenfica\/status\/863447230702907392<\/p>\n<p>Despu\u00e9s, el equipo local domin\u00f3 por completo el encuentro y durante el primer tiempo decidieron finiquitar el partido con los goles del argentino Pizzi y la figura del equipo Jonas, para irse al descanso con marcador de 4-0.<\/p>\n<p>Para la segunda mitad, el campo del estadio Da Luz fue una fiesta para el equipo y la afici\u00f3n del <strong>Benfica<\/strong>, que volvi\u00f3 a explotar cuando Jonas marc\u00f3 el 5-0 definitivo del partido.<\/p>\n<p>https:\/\/twitter.com\/SLBenfica\/status\/863464056140832768<\/p>\n<p>https:\/\/twitter.com\/SLBenfica\/status\/863467648159502340<\/p>\n","protected":false},"excerpt":{"rendered":"<p>El mexicano volvi\u00f3 a marcar y consigui\u00f3 el Bicampeonato en Portugal.<\/p>\n","protected":false},"author":129,"featured_media":478886,"comment_status":"closed","ping_status":"closed","sticky":false,"template":"","format":"standard","meta":[],"categories":[5,3839],"tags":[6060,742],"_links":{"self":[{"href":"http:\/\/desarrollo.grupomedios.com\/futbol\/wp-json\/wp\/v2\/posts\/478885"}],"collection":[{"href":"http:\/\/desarrollo.grupomedios.com\/futbol\/wp-json\/wp\/v2\/posts"}],"about":[{"href":"http:\/\/desarrollo.grupomedios.com\/futbol\/wp-json\/wp\/v2\/types\/post"}],"author":[{"embeddable":true,"href":"http:\/\/desarrollo.grupomedios.com\/futbol\/wp-json\/wp\/v2\/users\/129"}],"replies":[{"embeddable":true,"href":"http:\/\/desarrollo.grupomedios.com\/futbol\/wp-json\/wp\/v2\/comments?post=478885"}],"version-history":[{"count":1,"href":"http:\/\/desarrollo.grupomedios.com\/futbol\/wp-json\/wp\/v2\/posts\/478885\/revisions"}],"predecessor-version":[{"id":478887,"href":"http:\/\/desarrollo.grupomedios.com\/futbol\/wp-json\/wp\/v2\/posts\/478885\/revisions\/478887"}],"wp:featuredmedia":[{"embeddable":true,"href":"http:\/\/desarrollo.grupomedios.com\/futbol\/wp-json\/wp\/v2\/media\/478886"}],"wp:attachment":[{"href":"http:\/\/desarrollo.grupomedios.com\/futbol\/wp-json\/wp\/v2\/media?parent=478885"}],"wp:term":[{"taxonomy":"category","embeddable":true,"href":"http:\/\/desarrollo.grupomedios.com\/futbol\/wp-json\/wp\/v2\/categories?post=478885"},{"taxonomy":"post_tag","embeddable":true,"href":"http:\/\/desarrollo.grupomedios.com\/futbol\/wp-json\/wp\/v2\/tags?post=478885"}],"curies":[{"name":"wp","href":"https:\/\/api.w.org\/{rel}","templated":true}]}}