{"id":478989,"date":"2017-05-14T10:15:06","date_gmt":"2017-05-14T15:15:06","guid":{"rendered":"https:\/\/www.futboltotal.com.mx\/?p=478989"},"modified":"2017-05-14T10:15:06","modified_gmt":"2017-05-14T15:15:06","slug":"dirk-kuyt-sella-titulo-del-feyenoord-campeon-18-anos-despues","status":"publish","type":"post","link":"http:\/\/desarrollo.grupomedios.com\/futbol\/futbol-internacional\/dirk-kuyt-sella-titulo-del-feyenoord-campeon-18-anos-despues\/2017\/05","title":{"rendered":"Dirk Kuyt sella el t\u00edtulo del Feyenoord, campe\u00f3n 18 a\u00f1os despu\u00e9s"},"content":{"rendered":"<p class=\"DETALLE_N_titulo \"><span id=\"ctl14_lblMostra\">Un triplete del veterano <strong>Dirk Kuyt<\/strong> al <strong>Heracles<\/strong> proporcion\u00f3 la victoria al <strong>Feyenoord<\/strong>, que certific\u00f3 la conquista, 18\u00a0a\u00f1os despu\u00e9s, del t\u00edtulo de la <strong>Liga de Holanda<\/strong> o <strong>Eredivisie<\/strong>, el decimoquinto que logra a lo largo de su historia.<\/span><\/p>\n<p>El equipo que entrena <strong>Gio Van Bronckhorst<\/strong>, dominador de la competici\u00f3n a lo largo del curso y que no pudo sellar la consecuci\u00f3n del trofeo el pasado domingo, tras perder con el Excelsior, no dej\u00f3 pasar la ocasi\u00f3n en la \u00faltima jornada del torneo y super\u00f3 en De Kuip al Heracles, que apuraba sus opciones de alcanzar un puesto europeo.<\/p>\n<p class=\"DETALLE_N_titulo \" style=\"text-align: center;\"><span id=\"ctl14_lblMostra\"><a href=\"https:\/\/www.futboltotal.com.mx\/2017\/05\/los-memes-los-primeros-semifinalistas-del-clausura-2017\/\" target=\"_blank\"><span style=\"color: #333399;\">VER \u00a0M\u00c1S: Los memes de los primeros semifinalistas del Clausura 2017<\/span><\/a><br \/>\n<\/span><\/p>\n<p class=\"DETALLE_N_titulo \" style=\"text-align: left;\"><span id=\"ctl14_lblMostra\"><br \/>\nEl Feyenoord lleg\u00f3 a la trig\u00e9sima cuarta sesi\u00f3n de la Liga con un punto de ventaja respecto al Ajax, que visit\u00f3 el campo del Willem II, sin nada en juego y que venci\u00f3 por 1-3.<\/span><\/p>\n<blockquote class=\"twitter-video\" data-lang=\"es\">\n<p dir=\"ltr\" lang=\"en\">In Gio we trust&#8230; &#x1f534;\u26aa\ufe0f<a href=\"https:\/\/twitter.com\/hashtag\/FeyenoordKampioen?src=hash\">#FeyenoordKampioen<\/a> <a href=\"https:\/\/twitter.com\/hashtag\/Feyenoord?src=hash\">#Feyenoord<\/a> <a href=\"https:\/\/t.co\/iK1QtTPB1A\">pic.twitter.com\/iK1QtTPB1A<\/a><\/p>\n<p>\u2014 Feyenoord Rotterdam (@Feyenoord) <a href=\"https:\/\/twitter.com\/Feyenoord\/status\/863769796877352962\">14 de mayo de 2017<\/a><\/p><\/blockquote>\n<p><script async src=\"\/\/platform.twitter.com\/widgets.js\" charset=\"utf-8\"><\/script><br \/>\nDirk Kuyt llev\u00f3 al conjunto de Rotterdam al \u00e9xito en la \u00faltima sesi\u00f3n de la competici\u00f3n. El veterano atacante, de 36 a\u00f1os, abri\u00f3 el marcador al minuto de juego, para convertir el estadio De Kuip en una fiesta. Sell\u00f3 el segundo once despu\u00e9s y redonde\u00f3 la cuenta en el 89, al transformar un penalti. Peter van Ooijen, en el a\u00f1adido, hizo el \u00fanico de los visitantes.<\/p>\n<p>Kuyt, h\u00e9roe en Rotterdam, cerr\u00f3 la temporada con 31 goles y 7 asistencias en los 63 partidos que ha jugado con el Feyenoord.<\/p>\n<p>&nbsp;<\/p>\n<blockquote class=\"twitter-tweet\" data-lang=\"es\">\n<p dir=\"ltr\" lang=\"nl\">FEYENOORD \u2013 HERACLES ALMELO 3-1 (2-0)<br \/>\n1\u2019 1-0 <a href=\"https:\/\/twitter.com\/Kuyt\">@Kuyt<\/a><br \/>\n12\u2019 2-0 <a href=\"https:\/\/twitter.com\/Kuyt\">@Kuyt<\/a><br \/>\n84\u2019 3-0 <a href=\"https:\/\/twitter.com\/Kuyt\">@Kuyt<\/a> (penalty)<br \/>\n89\u2019 3-1 Van Ooijen<a href=\"https:\/\/twitter.com\/hashtag\/feyher?src=hash\">#feyher<\/a> <a href=\"https:\/\/twitter.com\/hashtag\/FeyenoordKampioen?src=hash\">#FeyenoordKampioen<\/a> <a href=\"https:\/\/t.co\/BrH1UYiO7Z\">pic.twitter.com\/BrH1UYiO7Z<\/a><\/p>\n<p>\u2014 Feyenoord Rotterdam (@Feyenoord) <a href=\"https:\/\/twitter.com\/Feyenoord\/status\/863762348414291969\">14 de mayo de 2017<\/a><\/p><\/blockquote>\n<p><script async src=\"\/\/platform.twitter.com\/widgets.js\" charset=\"utf-8\"><\/script><\/p>\n<p>El cuadro de Rotterdam acab\u00f3 el curso con un punto de ventaja sobre el Ajax, que gan\u00f3 en el campo del Willem II (1-3) con los tantos de Kasper Dolberg, colombiano Davinson Sanchez y Davy Klaassen.<\/p>\n<p class=\"DETALLE_N_titulo \" style=\"text-align: center;\"><span id=\"ctl14_lblMostra\"><span style=\"color: #333399;\"><a style=\"color: #333399;\" href=\"https:\/\/www.futboltotal.com.mx\/2017\/05\/resultado-liga-mx-monterrey-0-2-tigres\/\" target=\"_blank\">VER M\u00c1S: \u00a1Gignac remata a Monterrey y confirma a Tigres en semifinales!<\/a><\/span><br \/>\n<\/span><\/p>\n<p class=\"DETALLE_N_titulo \" style=\"text-align: left;\"><span id=\"ctl14_lblMostra\">As\u00ed, el equipo de Rotterdam alcanz\u00f3 su decimoquinto t\u00edtulo de la Liga de Hplanda que a\u00f1ade a los conseguidos en 1924, 1928, 1936, 1938, 1940, 1961, 1962, 1965, 1969, 1971, 1974, 1984, 1993 y 1999.<\/span><\/p>\n<blockquote class=\"twitter-video\" data-lang=\"es\">\n<p dir=\"ltr\" lang=\"es\">Aqu\u00ed llorando!! Que grande Dirk Kuyt!! Feyenoord campe\u00f3n!! <a href=\"https:\/\/t.co\/fYZFuCuofX\">pic.twitter.com\/fYZFuCuofX<\/a><\/p>\n<p>\u2014 V\u00edctor Montalvo\u26bd&#x1f58a; (@VitorMontalvo) <a href=\"https:\/\/twitter.com\/VitorMontalvo\/status\/863761514171387905\">14 de mayo de 2017<\/a><\/p><\/blockquote>\n<p><script async src=\"\/\/platform.twitter.com\/widgets.js\" charset=\"utf-8\"><\/script><br \/>\nEl Feyenoord disputar\u00e1, directamente, la pr\u00f3xima edici\u00f3n de la Liga de Campeones. El Ajax, por su parte, si no gana la Liga Europa en la final ante el Manchester United, que le llevar\u00eda tambi\u00e9n a la fase de grupos del principal torneo continental, jugar\u00eda la fase previa como segundo clasificado de la Liga de Holanda.<\/p>\n<blockquote class=\"twitter-video\" data-lang=\"es\">\n<p dir=\"ltr\" lang=\"es\">&#x1f534;\u26aa\ufe0f\u26ab\ufe0f\u00a1LANDSKAMPIOEN!\u26ab\ufe0f\u26aa\ufe0f&#x1f534;<\/p>\n<p>Premio a la constancia y buen f\u00fatbol que mostr\u00f3 el <a href=\"https:\/\/twitter.com\/Feyenoord\">@Feyenoord<\/a>.<\/p>\n<p>&#x1f3c6; Merecido Campe\u00f3n &#x1f3c6;<a href=\"https:\/\/t.co\/DpKravyDNl\">pic.twitter.com\/DpKravyDNl<\/a><\/p>\n<p>\u2014 Holanda VAVEL (@Holanda_VAVEL) <a href=\"https:\/\/twitter.com\/Holanda_VAVEL\/status\/863770058455121925\">14 de mayo de 2017<\/a><\/p><\/blockquote>\n<p><script async src=\"\/\/platform.twitter.com\/widgets.js\" charset=\"utf-8\"><\/script><\/p>\n<p>El PSV Eindhoven, campe\u00f3n de la Liga los dos \u00faltimos a\u00f1os, competir\u00e1 en la Liga Europa la pr\u00f3xima temporada mientras el Go Ahead Eagles descendi\u00f3 a la segunda categor\u00eda del f\u00fatbol holand\u00e9s.<\/p>\n","protected":false},"excerpt":{"rendered":"<p>18 a\u00f1os despu\u00e9s, el Feyenoord logr\u00f3 levantar una vez m\u00e1s el t\u00edtulo de la Eredivisie.<\/p>\n","protected":false},"author":144,"featured_media":478990,"comment_status":"closed","ping_status":"closed","sticky":false,"template":"","format":"standard","meta":[],"categories":[3839],"tags":[8595,4420,3223,8596,6024],"_links":{"self":[{"href":"http:\/\/desarrollo.grupomedios.com\/futbol\/wp-json\/wp\/v2\/posts\/478989"}],"collection":[{"href":"http:\/\/desarrollo.grupomedios.com\/futbol\/wp-json\/wp\/v2\/posts"}],"about":[{"href":"http:\/\/desarrollo.grupomedios.com\/futbol\/wp-json\/wp\/v2\/types\/post"}],"author":[{"embeddable":true,"href":"http:\/\/desarrollo.grupomedios.com\/futbol\/wp-json\/wp\/v2\/users\/144"}],"replies":[{"embeddable":true,"href":"http:\/\/desarrollo.grupomedios.com\/futbol\/wp-json\/wp\/v2\/comments?post=478989"}],"version-history":[{"count":1,"href":"http:\/\/desarrollo.grupomedios.com\/futbol\/wp-json\/wp\/v2\/posts\/478989\/revisions"}],"predecessor-version":[{"id":478991,"href":"http:\/\/desarrollo.grupomedios.com\/futbol\/wp-json\/wp\/v2\/posts\/478989\/revisions\/478991"}],"wp:featuredmedia":[{"embeddable":true,"href":"http:\/\/desarrollo.grupomedios.com\/futbol\/wp-json\/wp\/v2\/media\/478990"}],"wp:attachment":[{"href":"http:\/\/desarrollo.grupomedios.com\/futbol\/wp-json\/wp\/v2\/media?parent=478989"}],"wp:term":[{"taxonomy":"category","embeddable":true,"href":"http:\/\/desarrollo.grupomedios.com\/futbol\/wp-json\/wp\/v2\/categories?post=478989"},{"taxonomy":"post_tag","embeddable":true,"href":"http:\/\/desarrollo.grupomedios.com\/futbol\/wp-json\/wp\/v2\/tags?post=478989"}],"curies":[{"name":"wp","href":"https:\/\/api.w.org\/{rel}","templated":true}]}}