{"id":479003,"date":"2017-05-14T12:25:42","date_gmt":"2017-05-14T17:25:42","guid":{"rendered":"https:\/\/www.futboltotal.com.mx\/?p=479003"},"modified":"2017-05-14T15:04:39","modified_gmt":"2017-05-14T20:04:39","slug":"en-vivo-real-madrid-vs-sevilla-liga-de-espana","status":"publish","type":"post","link":"http:\/\/desarrollo.grupomedios.com\/futbol\/futbol-internacional\/en-vivo-real-madrid-vs-sevilla-liga-de-espana\/2017\/05","title":{"rendered":"AS\u00cd SE VIVI\u00d3 | Real Madrid 4-1 Sevilla | Liga de Espa\u00f1a"},"content":{"rendered":"<p style=\"text-align: center;\"><span style=\"color: #3366ff;\"><a style=\"color: #3366ff;\" href=\"https:\/\/en-vivo.futboltotal.com.mx\/partido\/real-madrid-vs-sevilla-liga-de-espana-jornada-36\/91\/\" target=\"_blank\">DA CLICK AQU\u00cd Y SIGUE EL PARTIDO DE LA JORNADA 36 REAL MADRID VS SEVILLA ESTE DOMINGO A LAS 13:00 HRS.<\/a><\/span><\/p>\n<p><strong>Real Madrid vs Sevilla<\/strong>, un partido donde protagonizan una final liguera para el equipo de Zinedine Zidane en el \u00faltimo partido del curso en el estadio Santiago Bernab\u00e9u, donde no puede permitirse ning\u00fan desliz en el pulso por el t\u00edtulo con el Barcelona, ante un rival que busca puntuar para sellar la cuarta plaza.<\/p>\n<p>Tres jornadas para el final de LaLiga Santander para el <strong>Real Madrid<\/strong>, una m\u00e1s que su rival por el t\u00edtulo por el partido aplazado de Bala\u00eddos, y la opci\u00f3n de ceder un empate. Son los n\u00fameros que maneja un equipo que recibe la \u00faltima visita de la temporada en el Bernab\u00e9u, con la duda de la respuesta en lo f\u00edsico al gran desgaste de la Liga de Campeones.<\/p>\n<p style=\"text-align: center;\"><a href=\"https:\/\/en-vivo.futboltotal.com.mx\/partido\/real-madrid-vs-sevilla-liga-de-espana-jornada-36\/91\/\" target=\"_blank\"><span style=\"color: #3366ff;\">DA CLICK AQU\u00cd Y SIGUE EL PARTIDO DE LA JORNADA 36 REAL MADRID VS SEVILLA ESTE DOMINGO A LAS 13:00 HRS.<\/span><\/a><\/p>\n<p>El buen final de temporada de James Rodr\u00edguez apunta a que le impulsan a la titularidad frente al Sevilla para el descanso de Isco Alarc\u00f3n, que dio un recital con gran desgaste f\u00edsico ante el Atl\u00e9tico. \u00c1lvaro Morata tambi\u00e9n pelea por un puesto en el once si Karim Benzema, h\u00e9roe tras su brillante acci\u00f3n en el Calder\u00f3n, recibe descanso.<\/p>\n<p>Mientras, el <strong>Sevilla<\/strong> acude al Bernab\u00e9u despu\u00e9s de que en la pasada jornada, pese al empate en casa frente a la Real Sociedad, se le aclarara algo m\u00e1s el panorama para asegurarse la cuarta plaza y disputar este verano la previa a la fase de grupos de la Liga de Campeones. El punto sumado m\u00e1s las derrotas del Villarreal y el Athletic Club, dejan al equipo del argentino Jorge Sampaoli a un punto de hacer matem\u00e1tica esa clasificaci\u00f3n.<\/p>\n<p>Solo el de la ida de la Copa disputado en el Bernab\u00e9u tuvo un resultado muy escorado hacia un equipo, el 3-0 con el que el <strong>Real Madrid<\/strong> se fue al descanso y con el que acab\u00f3 el partido. Para el domingo, el equipo recupera al mediapunta argentino Joaqu\u00edn &#8216;Tucu&#8217; Correa, que ya cumpli\u00f3 su partido de sanci\u00f3n por acumulaci\u00f3n de amonestaciones, por lo que es probable que sea titular en un tramo de la temporada en el que ha tomado protagonismo.<\/p>\n<p>Por contra, el extremo Pablo Sarabia no jugar\u00e1 en Madrid al estar sancionado por acumulaci\u00f3n de amonestaciones. En el cap\u00edtulo de lesionados, el lateral Sergio Escudero y el extremo V\u00edctor Mach\u00edn &#8216;Vitolo&#8217; han estado renqueantes esta semana pero se han ejercitado en las \u00faltimas sesiones, aunque el defensa no est\u00e1 al cien por cien y no ha sido incluido en la convocatoria.<\/p>\n<p>El lateral brasile\u00f1o Mariano Ferreira, de baja ya varios partidos por un problema de rodilla, y los centrocampistas Vicente Iborra, Samir Nasri y Ganso y el central Adil Rami, tambi\u00e9n con mermas f\u00edsicas, son otros de los que no est\u00e1n para el partido.<\/p>\n","protected":false},"excerpt":{"rendered":"<p>El Real Madrid enfrentar\u00e1 al Sevilla, equipo que le quit\u00f3 el invicto hace unos meses<\/p>\n","protected":false},"author":144,"featured_media":476021,"comment_status":"closed","ping_status":"closed","sticky":false,"template":"","format":"standard","meta":[],"categories":[3839,3844,5951],"tags":[1913,5988,49],"_links":{"self":[{"href":"http:\/\/desarrollo.grupomedios.com\/futbol\/wp-json\/wp\/v2\/posts\/479003"}],"collection":[{"href":"http:\/\/desarrollo.grupomedios.com\/futbol\/wp-json\/wp\/v2\/posts"}],"about":[{"href":"http:\/\/desarrollo.grupomedios.com\/futbol\/wp-json\/wp\/v2\/types\/post"}],"author":[{"embeddable":true,"href":"http:\/\/desarrollo.grupomedios.com\/futbol\/wp-json\/wp\/v2\/users\/144"}],"replies":[{"embeddable":true,"href":"http:\/\/desarrollo.grupomedios.com\/futbol\/wp-json\/wp\/v2\/comments?post=479003"}],"version-history":[{"count":4,"href":"http:\/\/desarrollo.grupomedios.com\/futbol\/wp-json\/wp\/v2\/posts\/479003\/revisions"}],"predecessor-version":[{"id":479033,"href":"http:\/\/desarrollo.grupomedios.com\/futbol\/wp-json\/wp\/v2\/posts\/479003\/revisions\/479033"}],"wp:featuredmedia":[{"embeddable":true,"href":"http:\/\/desarrollo.grupomedios.com\/futbol\/wp-json\/wp\/v2\/media\/476021"}],"wp:attachment":[{"href":"http:\/\/desarrollo.grupomedios.com\/futbol\/wp-json\/wp\/v2\/media?parent=479003"}],"wp:term":[{"taxonomy":"category","embeddable":true,"href":"http:\/\/desarrollo.grupomedios.com\/futbol\/wp-json\/wp\/v2\/categories?post=479003"},{"taxonomy":"post_tag","embeddable":true,"href":"http:\/\/desarrollo.grupomedios.com\/futbol\/wp-json\/wp\/v2\/tags?post=479003"}],"curies":[{"name":"wp","href":"https:\/\/api.w.org\/{rel}","templated":true}]}}