{"id":479004,"date":"2017-05-14T11:42:30","date_gmt":"2017-05-14T16:42:30","guid":{"rendered":"https:\/\/www.futboltotal.com.mx\/?p=479004"},"modified":"2017-05-14T11:43:00","modified_gmt":"2017-05-14T16:43:00","slug":"andres-guardado-podria-reforzar-al-atletico-de-madrid","status":"publish","type":"post","link":"http:\/\/desarrollo.grupomedios.com\/futbol\/destacado-home\/andres-guardado-podria-reforzar-al-atletico-de-madrid\/2017\/05","title":{"rendered":"Andr\u00e9s Guardado podr\u00eda reforzar al Atl\u00e9tico de Madrid"},"content":{"rendered":"<p>El mercado de fichajes en Europa, pese a que a\u00fan no inicia como tal, ya ha puesto a muchos equipos a analizar y gestionar posibles traspasos, y el nombre de <strong>Andr\u00e9s Guardado<\/strong> suena para que regrese a la <strong>Liga espa\u00f1ola<\/strong>, espec\u00edficamente con uno de los tres grandes clubes de ese pa\u00eds.<\/p>\n<p>Seg\u00fan reporta el sitio de Don Bal\u00f3n, el <em>Principito<\/em> est\u00e1 en la mira del <strong>Atl\u00e9tico de Madrid<\/strong>, pues el mexicano es del gusto del t\u00e9cnico argentino <strong>Diego Simeone<\/strong>, aunque no lo contemplar\u00eda necesariamente para jugar en la contenci\u00f3n, posici\u00f3n en la que viene jugando desde hace a\u00f1os tanto con su actual club, <strong>PSV Eindhoven<\/strong>, y con la <strong>Selecci\u00f3n Mexicana<\/strong>.<\/p>\n<p style=\"text-align: center;\"><a href=\"https:\/\/www.futboltotal.com.mx\/2017\/05\/hector-moreno-volvio-a-marcar-en-goleada-del-psv-ante-zwolle\/\" target=\"_blank\"><span style=\"color: #333399;\">VER M\u00c1S: H\u00e9ctor Moreno volvi\u00f3 a marcar en goleada del PSV ante Zwolle<\/span><\/a><\/p>\n<p>El <em>Cholo<\/em> ya busca un posible reemplazo para cubrir la lateral izquierda, en caso de que el brasile\u00f1o <strong>Filipe Luis<\/strong> no siga con los <em>Colchoneros<\/em>, adem\u00e1s de queel juvenil\u00a0<strong>Theo Hern\u00e1ndez<\/strong> se ha decantado por jugar con el <strong>Real Madrid<\/strong>.<\/p>\n<p>Ante ese escenario, el Atl\u00e9tico apostar\u00eda por fichar a Guardado para que juegue como lateral, posici\u00f3n que no desconoce pues la ocup\u00f3 en sus inicios con el <strong>Atlas<\/strong> y en sus primeros pasos en el balompi\u00e9 europeo.<\/p>\n<p>Guardado ya jug\u00f3 en la Liga espa\u00f1ola, cuando entre 2007 y 2012 con el Deportivo La Coru\u00f1a y de 2012 a 2015 con el Valencia, aunque en este club nunca pudo lograr continuidad y fue cedido al Bayer Leverkusen y PSV Eindhoven.<\/p>\n<p style=\"text-align: center;\"><a href=\"https:\/\/www.futboltotal.com.mx\/2017\/05\/los-memes-los-primeros-semifinalistas-del-clausura-2017\/\" target=\"_blank\"><span style=\"color: #333399;\">VER M\u00c1S: Los memes de los primeros semifinalistas del Clausura 2017<\/span><\/a><\/p>\n","protected":false},"excerpt":{"rendered":"<p>Los Colchoneros contemplan al Principito Guardado para que se convierta en su refuerzo.<\/p>\n","protected":false},"author":20,"featured_media":452340,"comment_status":"closed","ping_status":"closed","sticky":false,"template":"","format":"standard","meta":[],"categories":[5,7740,3839,3844,6718],"tags":[6046,6007,4847,2044],"_links":{"self":[{"href":"http:\/\/desarrollo.grupomedios.com\/futbol\/wp-json\/wp\/v2\/posts\/479004"}],"collection":[{"href":"http:\/\/desarrollo.grupomedios.com\/futbol\/wp-json\/wp\/v2\/posts"}],"about":[{"href":"http:\/\/desarrollo.grupomedios.com\/futbol\/wp-json\/wp\/v2\/types\/post"}],"author":[{"embeddable":true,"href":"http:\/\/desarrollo.grupomedios.com\/futbol\/wp-json\/wp\/v2\/users\/20"}],"replies":[{"embeddable":true,"href":"http:\/\/desarrollo.grupomedios.com\/futbol\/wp-json\/wp\/v2\/comments?post=479004"}],"version-history":[{"count":3,"href":"http:\/\/desarrollo.grupomedios.com\/futbol\/wp-json\/wp\/v2\/posts\/479004\/revisions"}],"predecessor-version":[{"id":479008,"href":"http:\/\/desarrollo.grupomedios.com\/futbol\/wp-json\/wp\/v2\/posts\/479004\/revisions\/479008"}],"wp:featuredmedia":[{"embeddable":true,"href":"http:\/\/desarrollo.grupomedios.com\/futbol\/wp-json\/wp\/v2\/media\/452340"}],"wp:attachment":[{"href":"http:\/\/desarrollo.grupomedios.com\/futbol\/wp-json\/wp\/v2\/media?parent=479004"}],"wp:term":[{"taxonomy":"category","embeddable":true,"href":"http:\/\/desarrollo.grupomedios.com\/futbol\/wp-json\/wp\/v2\/categories?post=479004"},{"taxonomy":"post_tag","embeddable":true,"href":"http:\/\/desarrollo.grupomedios.com\/futbol\/wp-json\/wp\/v2\/tags?post=479004"}],"curies":[{"name":"wp","href":"https:\/\/api.w.org\/{rel}","templated":true}]}}