{"id":479010,"date":"2017-05-14T12:00:06","date_gmt":"2017-05-14T17:00:06","guid":{"rendered":"https:\/\/www.futboltotal.com.mx\/?p=479010"},"modified":"2017-05-14T12:01:08","modified_gmt":"2017-05-14T17:01:08","slug":"psv-rindio-homenaje-a-andres-guardado-sus-100-partidos","status":"publish","type":"post","link":"http:\/\/desarrollo.grupomedios.com\/futbol\/futbol-internacional\/psv-rindio-homenaje-a-andres-guardado-sus-100-partidos\/2017\/05","title":{"rendered":"El PSV rindi\u00f3 homenaje a Andr\u00e9s Guardado por sus 100 partidos"},"content":{"rendered":"<p>El futbolista mexicano <strong>Andr\u00e9s Guardado<\/strong> vivi\u00f3 un d\u00eda especial previo al triunfo de su equipo, el <strong>PSV Eindhoven<\/strong>, sobre el <strong>PEC Zwolle<\/strong> por 4-1 en el cierre de temporada de la <strong>Eredivisie<\/strong>, pues fue homenajeado por los\u00a0Granjeros ya que cumpli\u00f3 <strong>100 juegos<\/strong> con el club holand\u00e9s.<\/p>\n<p>El <em>Principito<\/em> recibi\u00f3 un jersey del equipo que ten\u00eda el dorsal <strong>100<\/strong>, en alusi\u00f3n a su centenar de partidos, as\u00ed como un arreglo floral, mientras que toda la hinchada del PSV lo ovacionaba.<\/p>\n<p style=\"text-align: center;\"><a href=\"https:\/\/www.futboltotal.com.mx\/2017\/05\/andres-guardado-podria-reforzar-al-atletico-de-madrid\/\" target=\"_blank\"><span style=\"color: #333399;\">VER M\u00c1S: Andr\u00e9s Guardado podr\u00eda reforzar al Atl\u00e9tico de Madrid<\/span><\/a><\/p>\n<p><a href=\"https:\/\/www.futboltotal.com.mx\/wp-content\/uploads\/2017\/05\/C_yrdJAV0AErkq_.jpg\"><img decoding=\"async\" loading=\"lazy\" class=\"aligncenter size-large wp-image-479011\" src=\"https:\/\/www.futboltotal.com.mx\/wp-content\/uploads\/2017\/05\/C_yrdJAV0AErkq_-1006x1024.jpg\" alt=\"El PSV rindi\u00f3 homenaje a Andr\u00e9s Guardado por sus 100 partidos 0\" srcset=\"http:\/\/desarrollo.grupomedios.com\/futbol\/wp-content\/uploads\/2017\/05\/C_yrdJAV0AErkq_-1006x1024.jpg 1006w, http:\/\/desarrollo.grupomedios.com\/futbol\/wp-content\/uploads\/2017\/05\/C_yrdJAV0AErkq_-295x300.jpg 295w, http:\/\/desarrollo.grupomedios.com\/futbol\/wp-content\/uploads\/2017\/05\/C_yrdJAV0AErkq_-768x782.jpg 768w, http:\/\/desarrollo.grupomedios.com\/futbol\/wp-content\/uploads\/2017\/05\/C_yrdJAV0AErkq_.jpg 1416w\" sizes=\"(max-width: 1006px) 100vw, 1006px\" \/><\/a><\/p>\n<p>El jugador azteca ya es todo un referente del equipo holand\u00e9s, del que tambi\u00e9n es capit\u00e1n gracias a la confianza que se ha ganado de parte del entrenador <strong>Phillip Cocu<\/strong>.<\/p>\n<p><iframe loading=\"lazy\" src=\"https:\/\/www.youtube.com\/embed\/sIUqn_iqDqE\" frameborder=\"0\" allowfullscreen=\"allowfullscreen\"><\/iframe><\/p>\n<p>En este partido, el PSV logr\u00f3 una remontada al imponerse 4-1 al Zwolle, con sus 4 anotaciones marcadas en los \u00faltimos 13 minutos del juego, <span style=\"color: #333399;\"><a style=\"color: #333399;\" href=\"https:\/\/www.futboltotal.com.mx\/2017\/05\/hector-moreno-volvio-a-marcar-en-goleada-del-psv-ante-zwolle\/\" target=\"_blank\">la primera de ellas del mexicano H\u00e9ctor Moreno<\/a><\/span>.<\/p>\n<p style=\"text-align: center;\"><a href=\"https:\/\/www.futboltotal.com.mx\/2017\/05\/los-memes-los-primeros-semifinalistas-del-clausura-2017\/\" target=\"_blank\"><span style=\"color: #333399;\">VER M\u00c1S: Los memes de los primeros semifinalistas del Clausura 2017<\/span><\/a><\/p>\n","protected":false},"excerpt":{"rendered":"<p>Andr\u00e9s Guardado cumpli\u00f3 un centenar de partidos con PSV y el club lo homenaje\u00f3.<\/p>\n","protected":false},"author":20,"featured_media":452975,"comment_status":"closed","ping_status":"closed","sticky":false,"template":"","format":"standard","meta":[],"categories":[3839,6718],"tags":[6190,6046,1512,2044,3224],"_links":{"self":[{"href":"http:\/\/desarrollo.grupomedios.com\/futbol\/wp-json\/wp\/v2\/posts\/479010"}],"collection":[{"href":"http:\/\/desarrollo.grupomedios.com\/futbol\/wp-json\/wp\/v2\/posts"}],"about":[{"href":"http:\/\/desarrollo.grupomedios.com\/futbol\/wp-json\/wp\/v2\/types\/post"}],"author":[{"embeddable":true,"href":"http:\/\/desarrollo.grupomedios.com\/futbol\/wp-json\/wp\/v2\/users\/20"}],"replies":[{"embeddable":true,"href":"http:\/\/desarrollo.grupomedios.com\/futbol\/wp-json\/wp\/v2\/comments?post=479010"}],"version-history":[{"count":2,"href":"http:\/\/desarrollo.grupomedios.com\/futbol\/wp-json\/wp\/v2\/posts\/479010\/revisions"}],"predecessor-version":[{"id":479013,"href":"http:\/\/desarrollo.grupomedios.com\/futbol\/wp-json\/wp\/v2\/posts\/479010\/revisions\/479013"}],"wp:featuredmedia":[{"embeddable":true,"href":"http:\/\/desarrollo.grupomedios.com\/futbol\/wp-json\/wp\/v2\/media\/452975"}],"wp:attachment":[{"href":"http:\/\/desarrollo.grupomedios.com\/futbol\/wp-json\/wp\/v2\/media?parent=479010"}],"wp:term":[{"taxonomy":"category","embeddable":true,"href":"http:\/\/desarrollo.grupomedios.com\/futbol\/wp-json\/wp\/v2\/categories?post=479010"},{"taxonomy":"post_tag","embeddable":true,"href":"http:\/\/desarrollo.grupomedios.com\/futbol\/wp-json\/wp\/v2\/tags?post=479010"}],"curies":[{"name":"wp","href":"https:\/\/api.w.org\/{rel}","templated":true}]}}