{"id":479069,"date":"2017-05-14T21:21:55","date_gmt":"2017-05-15T02:21:55","guid":{"rendered":"https:\/\/www.futboltotal.com.mx\/?p=479069"},"modified":"2017-05-14T21:21:55","modified_gmt":"2017-05-15T02:21:55","slug":"falcao-pone-al-monaco-campeon-francia","status":"publish","type":"post","link":"http:\/\/desarrollo.grupomedios.com\/futbol\/futbol-internacional\/falcao-pone-al-monaco-campeon-francia\/2017\/05","title":{"rendered":"\u00a1Falcao pone al M\u00f3naco campe\u00f3n de Francia!"},"content":{"rendered":"<p>El <strong>M\u00f3naco<\/strong> gan\u00f3 al Lille (4-0) y amarr\u00f3, con una jornada de antelaci\u00f3n y otro partido m\u00e1s pendiente, la conquista del octavo t\u00edtulo de la Liga de Francia de su historia, el primero desde la temporada 1999-2000.<\/p>\n<blockquote class=\"twitter-tweet\" data-width=\"500\">\n<p lang=\"es\" dir=\"ltr\">\u00a1VICTORIA! \u00a1Extraoficialmente CAMPEONES! Tras 17 a\u00f1os, estamos cada vez m\u00e1s cerca de la meta principal! <a href=\"https:\/\/twitter.com\/hashtag\/ASMLOSC?src=hash\">#ASMLOSC<\/a> (4-0) <a href=\"https:\/\/t.co\/X7HxSPXtNZ\">pic.twitter.com\/X7HxSPXtNZ<\/a><\/p>\n<p>&mdash; AS Monaco ES (@AS_Monaco_ES) <a href=\"https:\/\/twitter.com\/AS_Monaco_ES\/status\/863859693717999616\">May 14, 2017<\/a><\/p><\/blockquote>\n<p><script async src=\"\/\/platform.twitter.com\/widgets.js\" charset=\"utf-8\"><\/script><\/p>\n<p>Diecisiete a\u00f1os despu\u00e9s el conjunto del portugu\u00e9s Leonardo Jardim termin\u00f3 con la hegemon\u00eda del Par\u00eds Saint Germain, campe\u00f3n en los \u00faltimos cuatro a\u00f1os y que termin\u00f3 segundo en el presente curso.<\/p>\n<p>Fue el colombiano Radamel Falcao el que propici\u00f3 la vig\u00e9sima octava victoria en la Liga del M\u00f3naco, que se rehizo de la eliminaci\u00f3n de la Liga de Campeones que padeci\u00f3 el pasado martes.<\/p>\n<p style=\"text-align: center;\"><span style=\"color: #3366ff;\"><a style=\"color: #3366ff;\" href=\"https:\/\/www.futboltotal.com.mx\/2017\/05\/moises-munoz-marchesin-pelearina-titularidad-en-america\/\">VER M\u00c1S: Mois\u00e9s Mu\u00f1oz y Marches\u00edn pelear\u00edan titularidad en Am\u00e9rica<\/a><\/span><\/p>\n<p>El colombiano abri\u00f3 el marcador a los seis minutos, al culminar, de cabeza, un centro de Thomas Lemar.<\/p>\n<p>Ampli\u00f3 la cuenta al borde del intermedio, cuando el portugu\u00e9s Bernardo Silva finaliz\u00f3 una gran jugada de Kylian Mbapp\u00e9. Redonde\u00f3 el triunfo Falcao en el 66, a pase tambi\u00e9n de Mbapp\u00e9. En el tiempo a\u00f1adido, un autogol de Junior Alonso sell\u00f3 la goleada final.<\/p>\n<p>El M\u00f3naco, que tiene a\u00fan pendiente el partido ante el Saint Etienne, que se jugar\u00e1 el pr\u00f3ximo mi\u00e9rcoles, aventaja en tres puntos al Paris Saint Germain, que gan\u00f3 en Saint Etienne (0-5).<\/p>\n<p><iframe loading=\"lazy\" src=\"https:\/\/www.youtube.com\/embed\/yD8uJ3PY5DE?feature=oembed\" frameborder=\"0\" allowfullscreen><\/iframe><\/p>\n","protected":false},"excerpt":{"rendered":"<p>Los del Principado tienen dos juegos pendientes.<\/p>\n","protected":false},"author":144,"featured_media":479071,"comment_status":"closed","ping_status":"closed","sticky":false,"template":"","format":"standard","meta":[],"categories":[3839,5951],"tags":[4902,6093],"_links":{"self":[{"href":"http:\/\/desarrollo.grupomedios.com\/futbol\/wp-json\/wp\/v2\/posts\/479069"}],"collection":[{"href":"http:\/\/desarrollo.grupomedios.com\/futbol\/wp-json\/wp\/v2\/posts"}],"about":[{"href":"http:\/\/desarrollo.grupomedios.com\/futbol\/wp-json\/wp\/v2\/types\/post"}],"author":[{"embeddable":true,"href":"http:\/\/desarrollo.grupomedios.com\/futbol\/wp-json\/wp\/v2\/users\/144"}],"replies":[{"embeddable":true,"href":"http:\/\/desarrollo.grupomedios.com\/futbol\/wp-json\/wp\/v2\/comments?post=479069"}],"version-history":[{"count":1,"href":"http:\/\/desarrollo.grupomedios.com\/futbol\/wp-json\/wp\/v2\/posts\/479069\/revisions"}],"predecessor-version":[{"id":479072,"href":"http:\/\/desarrollo.grupomedios.com\/futbol\/wp-json\/wp\/v2\/posts\/479069\/revisions\/479072"}],"wp:featuredmedia":[{"embeddable":true,"href":"http:\/\/desarrollo.grupomedios.com\/futbol\/wp-json\/wp\/v2\/media\/479071"}],"wp:attachment":[{"href":"http:\/\/desarrollo.grupomedios.com\/futbol\/wp-json\/wp\/v2\/media?parent=479069"}],"wp:term":[{"taxonomy":"category","embeddable":true,"href":"http:\/\/desarrollo.grupomedios.com\/futbol\/wp-json\/wp\/v2\/categories?post=479069"},{"taxonomy":"post_tag","embeddable":true,"href":"http:\/\/desarrollo.grupomedios.com\/futbol\/wp-json\/wp\/v2\/tags?post=479069"}],"curies":[{"name":"wp","href":"https:\/\/api.w.org\/{rel}","templated":true}]}}