{"id":479108,"date":"2017-05-15T10:08:02","date_gmt":"2017-05-15T15:08:02","guid":{"rendered":"https:\/\/www.futboltotal.com.mx\/?p=479108"},"modified":"2017-05-15T10:08:02","modified_gmt":"2017-05-15T15:08:02","slug":"causa-efecto-orbelin-pineda-pastor-las-chivas","status":"publish","type":"post","link":"http:\/\/desarrollo.grupomedios.com\/futbol\/destacado-home\/causa-efecto-orbelin-pineda-pastor-las-chivas\/2017\/05","title":{"rendered":"Causa y efecto de&#8230; Orbel\u00edn Pineda, el pastor de las Chivas"},"content":{"rendered":"<p>Apenas unos cuantos a\u00f1os pueden ser la diferencia entre llevar una vida com\u00fan a ser uno de los mejores futbolistas de la Liga MX. Tal es el caso de <strong>Orbel\u00edn Pineda<\/strong>, figura de las <strong>Chivas<\/strong> que les dio <span style=\"color: #333399;\"><a style=\"color: #333399;\" href=\"https:\/\/www.futboltotal.com.mx\/2017\/05\/resultados-liga-chivas-1-0-atlas-cuartos-final-vuelta\/\" target=\"_blank\">el pase a semifinales del <strong>Clausura 2017<\/strong> con su gol ante <strong>Atlas<\/strong><\/a><\/span>, quien apenas en 2012\u00a0hac\u00eda una prueba para ser aceptado por el <strong>Quer\u00e9taro<\/strong>.<\/p>\n<p>La historia del <strong><em>Mago<\/em><\/strong> es curiosa, pues hasta antes de probar fortuna en el futbol profesional combinaba su tiempo entre la escuela y ayudando en el negocio\u00a0familiar siendo pastor.<\/p>\n<p style=\"text-align: center;\"><a href=\"https:\/\/www.futboltotal.com.mx\/2017\/05\/los-memes-de-los-segundos-semifinalistas-del-clausura-2017\/\" target=\"_blank\"><span style=\"color: #333399;\">VER M\u00c1S: Los memes de los semifinalistas del Clausura 2017 de la Liga MX<\/span><\/a><\/p>\n<p>Con apenas 21 a\u00f1os de vida, <strong>Orbel\u00edn<\/strong> ha cambiado el reba\u00f1o que cuidaba en la tierra de su familia,\u00a0San Fernando, peque\u00f1o pueblo ubicado en Coyuca de Catal\u00e1n, Guerrero, por ser pastor de las <strong>Chivas<\/strong>, adem\u00e1s de un jugador con mucho futuro en <strong>Selecci\u00f3n Mexicana<\/strong> y proyecci\u00f3n para dar el salto a Europa.<\/p>\n<p>Este es el <strong>Causa y efecto<\/strong> de&#8230; <strong>Orbel\u00edn Pineda<\/strong>.<\/p>\n<p style=\"text-align: center;\"><a href=\"https:\/\/www.futboltotal.com.mx\/2017\/05\/definidas-las-semifinales-del-clausura-2017\/\" target=\"_blank\"><span style=\"color: #333399;\">VER M\u00c1S: \u00a1Definidas las semifinales del Clausura 2017!<\/span><\/a><\/p>\n<p class=\"p1\"><span class=\"s1\">[video_player]https:\/\/player.vimeo.com\/external\/217507758.hd.mp4?s=ed5309626df0dbe4aea766488a1c0fd0a8386c32&amp;profile_id=174|wide\u00a0[\/video_player]<\/span><\/p>\n","protected":false},"excerpt":{"rendered":"<p>Orbel\u00edn Pineda cambi\u00f3 su vida como pastor de animales para ser figura de Chivas.<\/p>\n","protected":false},"author":20,"featured_media":479109,"comment_status":"closed","ping_status":"closed","sticky":false,"template":"","format":"standard","meta":[],"categories":[5,2198,3845],"tags":[8184,70,5963,64,6546],"_links":{"self":[{"href":"http:\/\/desarrollo.grupomedios.com\/futbol\/wp-json\/wp\/v2\/posts\/479108"}],"collection":[{"href":"http:\/\/desarrollo.grupomedios.com\/futbol\/wp-json\/wp\/v2\/posts"}],"about":[{"href":"http:\/\/desarrollo.grupomedios.com\/futbol\/wp-json\/wp\/v2\/types\/post"}],"author":[{"embeddable":true,"href":"http:\/\/desarrollo.grupomedios.com\/futbol\/wp-json\/wp\/v2\/users\/20"}],"replies":[{"embeddable":true,"href":"http:\/\/desarrollo.grupomedios.com\/futbol\/wp-json\/wp\/v2\/comments?post=479108"}],"version-history":[{"count":1,"href":"http:\/\/desarrollo.grupomedios.com\/futbol\/wp-json\/wp\/v2\/posts\/479108\/revisions"}],"predecessor-version":[{"id":479110,"href":"http:\/\/desarrollo.grupomedios.com\/futbol\/wp-json\/wp\/v2\/posts\/479108\/revisions\/479110"}],"wp:featuredmedia":[{"embeddable":true,"href":"http:\/\/desarrollo.grupomedios.com\/futbol\/wp-json\/wp\/v2\/media\/479109"}],"wp:attachment":[{"href":"http:\/\/desarrollo.grupomedios.com\/futbol\/wp-json\/wp\/v2\/media?parent=479108"}],"wp:term":[{"taxonomy":"category","embeddable":true,"href":"http:\/\/desarrollo.grupomedios.com\/futbol\/wp-json\/wp\/v2\/categories?post=479108"},{"taxonomy":"post_tag","embeddable":true,"href":"http:\/\/desarrollo.grupomedios.com\/futbol\/wp-json\/wp\/v2\/tags?post=479108"}],"curies":[{"name":"wp","href":"https:\/\/api.w.org\/{rel}","templated":true}]}}