{"id":479133,"date":"2017-05-15T12:34:39","date_gmt":"2017-05-15T17:34:39","guid":{"rendered":"https:\/\/www.futboltotal.com.mx\/?p=479133"},"modified":"2017-05-15T12:34:39","modified_gmt":"2017-05-15T17:34:39","slug":"uruguayo-brian-lozano-volvera-al-america-sin-saber","status":"publish","type":"post","link":"http:\/\/desarrollo.grupomedios.com\/futbol\/futbol-mexicano\/uruguayo-brian-lozano-volvera-al-america-sin-saber\/2017\/05","title":{"rendered":"El uruguayo Brian Lozano volver\u00e1 al Am\u00e9rica sin saber su futuro"},"content":{"rendered":"<p>Desde hace semanas se habla de distintos futbolistas que podr\u00edan convertirse en nuevos jugadores del <strong>Am\u00e9rica<\/strong> para disputar el torneo <strong>Apertura 2017,<\/strong> pero ninguno de esos casos parece estar tan avanzado como para que el los siguientes d\u00edas pueda presentarse con las <em>\u00c1guilas<\/em>, salvo el caso del uruguayo <strong>Brian Lozano,<\/strong> quien debe reportarse en Coapa.<\/p>\n<p>El pr\u00f3ximo\u00a05 de junio est\u00e1n citados los jugadores de las <em>\u00c1guilas<\/em> para comenzar trabajos rumbo al siguiente torneo de la Liga MX y Lozano vuelve a M\u00e9xico tras pasar un a\u00f1o de vuelta en su pa\u00eds para jugar cedido con el <strong>Nacional<\/strong>.<\/p>\n<p style=\"text-align: center;\"><a href=\"https:\/\/www.futboltotal.com.mx\/2017\/05\/listos-los-dias-horarios-las-semifinales-del-clausura-2017\/\" target=\"_blank\"><span style=\"color: #333399;\">VER M\u00c1S: \u00a1Listos los d\u00edas y horarios de las semifinales del Clausura 2017!<\/span><\/a><\/p>\n<p>Sin embargo, el mediocampista de 23 a\u00f1os no vivi\u00f3 una mejor etapa con el <strong>Nacional<\/strong> en comparaci\u00f3n con lo que pas\u00f3 en su primera etapa con las <em>\u00c1guilas<\/em>. En el club <em>Decano<\/em>, apenas disput\u00f3 12 juegos en este primer semestre de 2017, 6 como titular y apenas disputando un solo juego completo y 4 goles en total.<\/p>\n<p>Anteriormente, <strong>Brian<\/strong> pas\u00f3 sin pena ni gloria el <strong>Clausura 2016<\/strong> en <strong>Am\u00e9rica<\/strong>, sumando apenas 115 minutos distribuidos en 7 partidos. Ahora, el nuevo t\u00e9cnico de las <em>\u00c1guilas<\/em> deber\u00e1 decidir si le da una segunda oportunidad al charr\u00faa o si vuelve a ser cedido.<\/p>\n<p style=\"text-align: center;\"><a href=\"https:\/\/www.futboltotal.com.mx\/2017\/05\/javier-alarcon-sufre-epico-trolleo-en-plena-transmision\/\" target=\"_blank\"><span style=\"color: #333399;\">VER M\u00c1S: Javier Alarc\u00f3n sufre \u00e9pico trolleo en plena transmisi\u00f3n<\/span><\/a><\/p>\n","protected":false},"excerpt":{"rendered":"<p>Lozano volver\u00e1 con las \u00c1guilas luego de un a\u00f1o irregular con el Nacional.<\/p>\n","protected":false},"author":20,"featured_media":479134,"comment_status":"closed","ping_status":"closed","sticky":false,"template":"","format":"standard","meta":[],"categories":[7740,2198,3845],"tags":[5959,6577,4847,64],"_links":{"self":[{"href":"http:\/\/desarrollo.grupomedios.com\/futbol\/wp-json\/wp\/v2\/posts\/479133"}],"collection":[{"href":"http:\/\/desarrollo.grupomedios.com\/futbol\/wp-json\/wp\/v2\/posts"}],"about":[{"href":"http:\/\/desarrollo.grupomedios.com\/futbol\/wp-json\/wp\/v2\/types\/post"}],"author":[{"embeddable":true,"href":"http:\/\/desarrollo.grupomedios.com\/futbol\/wp-json\/wp\/v2\/users\/20"}],"replies":[{"embeddable":true,"href":"http:\/\/desarrollo.grupomedios.com\/futbol\/wp-json\/wp\/v2\/comments?post=479133"}],"version-history":[{"count":1,"href":"http:\/\/desarrollo.grupomedios.com\/futbol\/wp-json\/wp\/v2\/posts\/479133\/revisions"}],"predecessor-version":[{"id":479135,"href":"http:\/\/desarrollo.grupomedios.com\/futbol\/wp-json\/wp\/v2\/posts\/479133\/revisions\/479135"}],"wp:featuredmedia":[{"embeddable":true,"href":"http:\/\/desarrollo.grupomedios.com\/futbol\/wp-json\/wp\/v2\/media\/479134"}],"wp:attachment":[{"href":"http:\/\/desarrollo.grupomedios.com\/futbol\/wp-json\/wp\/v2\/media?parent=479133"}],"wp:term":[{"taxonomy":"category","embeddable":true,"href":"http:\/\/desarrollo.grupomedios.com\/futbol\/wp-json\/wp\/v2\/categories?post=479133"},{"taxonomy":"post_tag","embeddable":true,"href":"http:\/\/desarrollo.grupomedios.com\/futbol\/wp-json\/wp\/v2\/tags?post=479133"}],"curies":[{"name":"wp","href":"https:\/\/api.w.org\/{rel}","templated":true}]}}