{"id":479165,"date":"2017-05-15T14:00:34","date_gmt":"2017-05-15T19:00:34","guid":{"rendered":"https:\/\/www.futboltotal.com.mx\/?p=479165"},"modified":"2017-05-15T16:03:48","modified_gmt":"2017-05-15T21:03:48","slug":"bayer-leverkusen-deja-en-el-aire-futuro-de-chicharito","status":"publish","type":"post","link":"http:\/\/desarrollo.grupomedios.com\/futbol\/destacado-home\/bayer-leverkusen-deja-en-el-aire-futuro-de-chicharito\/2017\/05","title":{"rendered":"Chicharito s\u00ed podr\u00eda dejar el Bayer Leverkusen"},"content":{"rendered":"<p>El gerente deportivo del\u00a0<strong>Bayer Leverkusen<\/strong>, Jonas Boldt, dej\u00f3 en el aire la continuidad del delantero mexicano\u00a0<strong>Javier <em>Chicharito <\/em>Hern\u00e1ndez<\/strong>\u00a0para la temporada 2017-18.<\/p>\n<p>Y es que despu\u00e9s de que las <em>Aspirinas\u00a0<\/em>se han quedado sin pasaporte para jugar al menos el repechaje de alguna competici\u00f3n europea, el directivo reconoci\u00f3 que el club tendr\u00e1 que platicar con <em>CH7<\/em>\u00a0tras el \u00faltimo partido del campeonato para definir si continua y hay opciones para renovarlo o si la directiva comienza a escuchar ofertas para dejarlo ir.<\/p>\n<p style=\"text-align: center;\"><span style=\"color: #3366ff;\"><a style=\"color: #3366ff;\" href=\"https:\/\/www.futboltotal.com.mx\/2017\/05\/chicharito-suena-reforzar-a-grande-francia\/\">VER M\u00c1S: Chicharito suena para reforzar un grande de Francia<\/a><\/span><\/p>\n<blockquote><p>\u201cSabemos que Javier con su nombre, su calidad siempre tiene su mercado y cuando termine tambi\u00e9n nos sentaremos con \u00e9l y analizaremos cu\u00e1l es su futuro\u201d, declar\u00f3 el dirigente a <em>Fox Sports.<\/em><\/p>\n<p>\u201cTodav\u00eda tiene un a\u00f1o de contrato pero todo es posible, puede ser renovar por mas a\u00f1os o tal vez \u00e9l tiene otras ideas&#8221;, agreg\u00f3 \u00a0Boldt, quien enfatiz\u00f3: &#8220;En un a\u00f1o malo como este marc\u00f3 sus 10 goles, pero \u00a0pero solo s\u00e9 que \u00e9l se siente muy feliz y tambi\u00e9n sabe que puede jugar algunos partidos mejor, como el a\u00f1o pasado\u201d.<\/p><\/blockquote>\n<p>El Bayer Leverkusen tuvo un complicado a\u00f1o junto a Javier Hern\u00e1ndez, quien padeci\u00f3 tres lesiones en la campa\u00f1a y desde que tuvo la \u00faltima, el pasado mes de Abril, solo ha disputado dos de los \u00faltimos ocho partidos. Eso, sin contar que el club tuvo que destituir a Roger Schmidt por falta de resultados y acab\u00f3 por improvisar al turco\u00a0Tayfun Korkut, quien no seguir\u00e1 para la siguiente campa\u00f1a.<\/p>\n<p>Al\u00a0<strong>Chicharito<\/strong>\u00a0<strong>Hern\u00e1ndez<\/strong>\u00a0no le faltan ofertas. Se ha especulado con su posible llegada a la MLS y hasta con un presunto inter\u00e9s del Manchester United por repescarlo. Sin embargo por ahora no hay nada definido y habr\u00e1 que esperar para saber si\u00a0contin\u00faa con las <em>Aspirinas<\/em> o\u00a0cambia de aires.<\/p>\n<p>&nbsp;<\/p>\n","protected":false},"excerpt":{"rendered":"<p>Directivo del Bayer confirma que el mexicano tiene pendiente definir su continuidad con el club.<\/p>\n","protected":false},"author":20,"featured_media":453168,"comment_status":"closed","ping_status":"closed","sticky":false,"template":"","format":"standard","meta":[],"categories":[5,3839,6822,6718],"tags":[549],"_links":{"self":[{"href":"http:\/\/desarrollo.grupomedios.com\/futbol\/wp-json\/wp\/v2\/posts\/479165"}],"collection":[{"href":"http:\/\/desarrollo.grupomedios.com\/futbol\/wp-json\/wp\/v2\/posts"}],"about":[{"href":"http:\/\/desarrollo.grupomedios.com\/futbol\/wp-json\/wp\/v2\/types\/post"}],"author":[{"embeddable":true,"href":"http:\/\/desarrollo.grupomedios.com\/futbol\/wp-json\/wp\/v2\/users\/20"}],"replies":[{"embeddable":true,"href":"http:\/\/desarrollo.grupomedios.com\/futbol\/wp-json\/wp\/v2\/comments?post=479165"}],"version-history":[{"count":3,"href":"http:\/\/desarrollo.grupomedios.com\/futbol\/wp-json\/wp\/v2\/posts\/479165\/revisions"}],"predecessor-version":[{"id":479168,"href":"http:\/\/desarrollo.grupomedios.com\/futbol\/wp-json\/wp\/v2\/posts\/479165\/revisions\/479168"}],"wp:featuredmedia":[{"embeddable":true,"href":"http:\/\/desarrollo.grupomedios.com\/futbol\/wp-json\/wp\/v2\/media\/453168"}],"wp:attachment":[{"href":"http:\/\/desarrollo.grupomedios.com\/futbol\/wp-json\/wp\/v2\/media?parent=479165"}],"wp:term":[{"taxonomy":"category","embeddable":true,"href":"http:\/\/desarrollo.grupomedios.com\/futbol\/wp-json\/wp\/v2\/categories?post=479165"},{"taxonomy":"post_tag","embeddable":true,"href":"http:\/\/desarrollo.grupomedios.com\/futbol\/wp-json\/wp\/v2\/tags?post=479165"}],"curies":[{"name":"wp","href":"https:\/\/api.w.org\/{rel}","templated":true}]}}