{"id":479169,"date":"2017-05-15T18:27:39","date_gmt":"2017-05-15T23:27:39","guid":{"rendered":"https:\/\/www.futboltotal.com.mx\/?p=479169"},"modified":"2017-05-15T18:30:06","modified_gmt":"2017-05-15T23:30:06","slug":"11-infame-la-vuelta-cuartos-final","status":"publish","type":"post","link":"http:\/\/desarrollo.grupomedios.com\/futbol\/futbol-mexicano\/11-infame-la-vuelta-cuartos-final\/2017\/05","title":{"rendered":"El 11 infame de la Vuelta de Cuartos de Final"},"content":{"rendered":"<p>Se acabaron los <strong>Cuartos de Final<\/strong> del <strong>Clausura 2017<\/strong> y varios jugadores fueron cuestionados por el bajo rendimiento que tuvieron en el partido de Vuelta; se esperaba que marcaran diferencia, pero acabaron dando un partido deslucido y por ello los incluimos en el 11 infame.<\/p>\n<p>\u00bfQui\u00e9n falta y qui\u00e9n sobra en esta alineaci\u00f3n.<\/p>\n<p style=\"text-align: center;\"><span style=\"color: #3366ff;\"><a style=\"color: #3366ff;\" href=\"https:\/\/www.futboltotal.com.mx\/2017\/05\/11-ideal-la-vuelta-cuartos-final-del-clausura-2017\/\">VER M\u00c1S: El 11 ideal de la Vuelta de Cuartos de Final\u00a0<\/a><\/span><a href=\"https:\/\/www.futboltotal.com.mx\/wp-content\/uploads\/2017\/05\/Infame-1.jpg\"><img decoding=\"async\" loading=\"lazy\" class=\"alignnone size-full wp-image-479186\" src=\"https:\/\/www.futboltotal.com.mx\/wp-content\/uploads\/2017\/05\/Infame-1.jpg\" alt=\"El 11 infame de la Vuelta de Cuartos de Final 0\" srcset=\"http:\/\/desarrollo.grupomedios.com\/futbol\/wp-content\/uploads\/2017\/05\/Infame-1.jpg 858w, http:\/\/desarrollo.grupomedios.com\/futbol\/wp-content\/uploads\/2017\/05\/Infame-1-213x300.jpg 213w, http:\/\/desarrollo.grupomedios.com\/futbol\/wp-content\/uploads\/2017\/05\/Infame-1-768x1083.jpg 768w, http:\/\/desarrollo.grupomedios.com\/futbol\/wp-content\/uploads\/2017\/05\/Infame-1-726x1024.jpg 726w\" sizes=\"(max-width: 858px) 100vw, 858px\" \/><\/a><\/p>\n<p style=\"text-align: left;\">Hugo Gonz\u00e1lez: De los dos goles que recibi\u00f3, en el primero err\u00f3 con un mal recorrido y no pudo tapar el tiro libre de Andr\u00e9 Pierre Gignac.<\/p>\n<p>Enrique P\u00e9rez: No dio su mejor exhibici\u00f3n defensiva y dej\u00f3 muchos espacios por el costado derecho a la delantera de Xolos.<\/p>\n<p>Aar\u00f3n Galindo: Fall\u00f3 en la cobertura a Julio Furch permiti\u00e9ndole rematar y anotar el primer gol de Santos.<\/p>\n<p>Jaine Barreiro: Se qued\u00f3 perdido en el \u00fanico tanto de Chivas sin poder cortar un servicio que remat\u00f3 a placer Oswaldo Alan\u00eds.<\/p>\n<p>Edgar Castillo: No hizo nada espectacular en labor defensiva, ni tampoco dio claridad en la salida.<\/p>\n<p>Rodrigo Millar: Nunca pes\u00f3 en la ofensiva de Morelia rompiendo el mediocampo o con una buena conexi\u00f3n con Cuero o Rocha.<\/p>\n<p>Gabriel Hauche: Le falt\u00f3 desbordar por la banda derecha y tras 61 minutos en los que no puso un trazo de peligro o tir\u00f3 entre los tres palos acabo de cambio.<\/p>\n<p>Clifford Aboagye: El ghan\u00e9s no pes\u00f3 en el ataque llegando al \u00e1rea para acompa\u00f1ar a Barrag\u00e1n o para finalizar.<\/p>\n<p>Edwin Cardona: Otra vez pas\u00f3 de noche y qued\u00f3 a deber por la banda izquierda de los Rayados.<\/p>\n<p>Jefferson Cuero: No mostr\u00f3 un \u00e1pice del atrevimiento que tuvo en la Ida para desequilibrar ante Xolos.<\/p>\n<p>Roberto Funes Mori: Mas all\u00e1 del rendimientos que tuvo le tir\u00f3 un planchazo de c\u00e1rcel a Nahuel Guzm\u00e1n que debi\u00f3 ser sancionado con tarjeta roja.<\/p>\n","protected":false},"excerpt":{"rendered":"<p>Estos jugadores no tuvieron una participaci\u00f3n adecuada con sus equipos.<\/p>\n","protected":false},"author":20,"featured_media":479188,"comment_status":"closed","ping_status":"closed","sticky":false,"template":"","format":"standard","meta":[],"categories":[7570,2198,3845],"tags":[7732,1046],"_links":{"self":[{"href":"http:\/\/desarrollo.grupomedios.com\/futbol\/wp-json\/wp\/v2\/posts\/479169"}],"collection":[{"href":"http:\/\/desarrollo.grupomedios.com\/futbol\/wp-json\/wp\/v2\/posts"}],"about":[{"href":"http:\/\/desarrollo.grupomedios.com\/futbol\/wp-json\/wp\/v2\/types\/post"}],"author":[{"embeddable":true,"href":"http:\/\/desarrollo.grupomedios.com\/futbol\/wp-json\/wp\/v2\/users\/20"}],"replies":[{"embeddable":true,"href":"http:\/\/desarrollo.grupomedios.com\/futbol\/wp-json\/wp\/v2\/comments?post=479169"}],"version-history":[{"count":4,"href":"http:\/\/desarrollo.grupomedios.com\/futbol\/wp-json\/wp\/v2\/posts\/479169\/revisions"}],"predecessor-version":[{"id":479191,"href":"http:\/\/desarrollo.grupomedios.com\/futbol\/wp-json\/wp\/v2\/posts\/479169\/revisions\/479191"}],"wp:featuredmedia":[{"embeddable":true,"href":"http:\/\/desarrollo.grupomedios.com\/futbol\/wp-json\/wp\/v2\/media\/479188"}],"wp:attachment":[{"href":"http:\/\/desarrollo.grupomedios.com\/futbol\/wp-json\/wp\/v2\/media?parent=479169"}],"wp:term":[{"taxonomy":"category","embeddable":true,"href":"http:\/\/desarrollo.grupomedios.com\/futbol\/wp-json\/wp\/v2\/categories?post=479169"},{"taxonomy":"post_tag","embeddable":true,"href":"http:\/\/desarrollo.grupomedios.com\/futbol\/wp-json\/wp\/v2\/tags?post=479169"}],"curies":[{"name":"wp","href":"https:\/\/api.w.org\/{rel}","templated":true}]}}