{"id":479195,"date":"2017-05-15T19:46:49","date_gmt":"2017-05-16T00:46:49","guid":{"rendered":"https:\/\/www.futboltotal.com.mx\/?p=479195"},"modified":"2017-05-16T11:37:56","modified_gmt":"2017-05-16T16:37:56","slug":"increible-tatuaje-rodolfo-cota","status":"publish","type":"post","link":"http:\/\/desarrollo.grupomedios.com\/futbol\/futbol-mexicano\/increible-tatuaje-rodolfo-cota\/2017\/05","title":{"rendered":"El incre\u00edble tatuaje de Rodolfo Cota&#8230;"},"content":{"rendered":"<blockquote><p>&#8220;Era un gran amigo, un compa\u00f1ero, una gran persona que me ense\u00f1\u00f3 a dar la cara por el equipo y gran parte de lo que s\u00e9&#8221;.<\/p><\/blockquote>\n<p>Con voz de entrecortada y llena de a\u00f1oranza as\u00ed fue como el portero <strong>Rodolfo Cota<\/strong> describi\u00f3 en su momento lo que signific\u00f3 encontrar en el camino y compartir el vestidor con el legendario guardameta <strong>Miguel Calero<\/strong>, quien perdi\u00f3 la vida el 4 de diciembre de 2012 por un paro cardiorespiratorio.<\/p>\n<p style=\"text-align: center;\"><span style=\"color: #3366ff;\"><a style=\"color: #3366ff;\" href=\"https:\/\/www.futboltotal.com.mx\/2017\/05\/listos-los-dias-horarios-las-semifinales-del-clausura-2017\/\">VER M\u00c1S: Definidos los horarios de semifinales<\/a><\/span><\/p>\n<p>En homenaje a su entra\u00f1able amigo <strong>Rodolfo Cota<\/strong> decidi\u00f3 tatuarse en la pantorrilla izquierda el rostro de Calero. Y ahora que Chivas ha conseguido el pase a semifinales, la imagen ha causado sensaci\u00f3n, despu\u00e9s de que el mediocampista pudo lucirla, sin las medias que utiliza habitualmente, durante uno de los entrenamientos del <em>Reba\u00f1o.<\/em><\/p>\n<p><a href=\"https:\/\/www.futboltotal.com.mx\/wp-content\/uploads\/2017\/05\/Cota.jpg\"><img decoding=\"async\" loading=\"lazy\" class=\"alignnone size-full wp-image-479196\" src=\"https:\/\/www.futboltotal.com.mx\/wp-content\/uploads\/2017\/05\/Cota.jpg\" alt=\"El incre\u00edble tatuaje de Rodolfo Cota&#8230; 0\" srcset=\"http:\/\/desarrollo.grupomedios.com\/futbol\/wp-content\/uploads\/2017\/05\/Cota.jpg 600w, http:\/\/desarrollo.grupomedios.com\/futbol\/wp-content\/uploads\/2017\/05\/Cota-300x221.jpg 300w\" sizes=\"(max-width: 600px) 100vw, 600px\" \/><\/a><\/p>\n<p><em>Foto: Pressport<\/em><\/p>\n","protected":false},"excerpt":{"rendered":"<p>El arquero rob\u00f3 reflectores tras mostrar el tatuaje durante un entrenamiento de Chivas.<\/p>\n","protected":false},"author":20,"featured_media":479197,"comment_status":"closed","ping_status":"closed","sticky":false,"template":"","format":"standard","meta":[],"categories":[5419,2198,3845],"tags":[6920],"_links":{"self":[{"href":"http:\/\/desarrollo.grupomedios.com\/futbol\/wp-json\/wp\/v2\/posts\/479195"}],"collection":[{"href":"http:\/\/desarrollo.grupomedios.com\/futbol\/wp-json\/wp\/v2\/posts"}],"about":[{"href":"http:\/\/desarrollo.grupomedios.com\/futbol\/wp-json\/wp\/v2\/types\/post"}],"author":[{"embeddable":true,"href":"http:\/\/desarrollo.grupomedios.com\/futbol\/wp-json\/wp\/v2\/users\/20"}],"replies":[{"embeddable":true,"href":"http:\/\/desarrollo.grupomedios.com\/futbol\/wp-json\/wp\/v2\/comments?post=479195"}],"version-history":[{"count":3,"href":"http:\/\/desarrollo.grupomedios.com\/futbol\/wp-json\/wp\/v2\/posts\/479195\/revisions"}],"predecessor-version":[{"id":479261,"href":"http:\/\/desarrollo.grupomedios.com\/futbol\/wp-json\/wp\/v2\/posts\/479195\/revisions\/479261"}],"wp:featuredmedia":[{"embeddable":true,"href":"http:\/\/desarrollo.grupomedios.com\/futbol\/wp-json\/wp\/v2\/media\/479197"}],"wp:attachment":[{"href":"http:\/\/desarrollo.grupomedios.com\/futbol\/wp-json\/wp\/v2\/media?parent=479195"}],"wp:term":[{"taxonomy":"category","embeddable":true,"href":"http:\/\/desarrollo.grupomedios.com\/futbol\/wp-json\/wp\/v2\/categories?post=479195"},{"taxonomy":"post_tag","embeddable":true,"href":"http:\/\/desarrollo.grupomedios.com\/futbol\/wp-json\/wp\/v2\/tags?post=479195"}],"curies":[{"name":"wp","href":"https:\/\/api.w.org\/{rel}","templated":true}]}}