{"id":479204,"date":"2017-05-15T21:01:36","date_gmt":"2017-05-16T02:01:36","guid":{"rendered":"https:\/\/www.futboltotal.com.mx\/?p=479204"},"modified":"2017-05-15T21:05:06","modified_gmt":"2017-05-16T02:05:06","slug":"ambriz-no-quiere-refuerzos-del-america","status":"publish","type":"post","link":"http:\/\/desarrollo.grupomedios.com\/futbol\/futbol-mexicano\/ambriz-no-quiere-refuerzos-del-america\/2017\/05","title":{"rendered":"\u00a1Ambriz no quiere refuerzos del Am\u00e9rica!"},"content":{"rendered":"<p>El entrenador <strong>Ignacio Ambriz<\/strong> fue presentado este lunes como nuevo entrenador de los <em>Rayos<\/em> del Necaxa para el pr\u00f3ximo Apertura 2017.<\/p>\n<p>Durante su presentaci\u00f3n, el entrenador dio de qu\u00e9 hablar cuando le cuestionaron sobre el futuro de Edson Puch, vinculado con el Am\u00e9rica y Pachuca, y la posibilidad de fichar alg\u00fan refuerzo del Am\u00e9rica, club que dirigi\u00f3 antes de tomar el tim\u00f3n rojiblanco.<\/p>\n<p style=\"text-align: center;\"><a href=\"https:\/\/www.futboltotal.com.mx\/2017\/05\/futbol-estufa-rumores-y-fichajes-rumbo-al-apertura-2017-la-liga-mx\/\"><span style=\"color: #3366ff;\">VER M\u00c1S: Futbol de Estufa Apertura 2017<\/span><\/a><\/p>\n<p style=\"text-align: left;\"><strong>Ambriz<\/strong> dej\u00f3 claro que no tiene el m\u00e1s m\u00ednima intenci\u00f3n en fichar alg\u00fan jugador de las <em>\u00c1guilas\u00a0<\/em>porque no hay alguno que le interese para encabezar el nuevo proyecto que tendr\u00e1 con Necaxa.<\/p>\n<blockquote>\n<p style=\"text-align: left;\">&#8220;De Am\u00e9rica no fichar\u00e9 a nadie, por el momento no hay nadie a quien traer&#8221;, afirm\u00f3 Ambriz, quien despu\u00e9s dej\u00f3 claro que agotar\u00e1 opciones para que Edson Puch no se vaya de la entidad y permanezca para cumplir su contrato.<\/p>\n<p style=\"text-align: left;\">&#8220;A mi me interesa seguir contando con\u00a0<strong>Puch<\/strong>, entiendo que \u00e9l quiera crecimiento como jugador, pero lo platicar\u00e9 y veremos que pasa&#8221;, estableci\u00f3.<\/p>\n<p style=\"text-align: left;\">\n<\/blockquote>\n<p style=\"text-align: left;\">\n","protected":false},"excerpt":{"rendered":"<p>El estratega no tiene inter\u00e9s en fichar alg\u00fan jugador de su exequipo.<\/p>\n","protected":false},"author":20,"featured_media":479205,"comment_status":"closed","ping_status":"closed","sticky":false,"template":"","format":"standard","meta":[],"categories":[2198,3845],"tags":[7263],"_links":{"self":[{"href":"http:\/\/desarrollo.grupomedios.com\/futbol\/wp-json\/wp\/v2\/posts\/479204"}],"collection":[{"href":"http:\/\/desarrollo.grupomedios.com\/futbol\/wp-json\/wp\/v2\/posts"}],"about":[{"href":"http:\/\/desarrollo.grupomedios.com\/futbol\/wp-json\/wp\/v2\/types\/post"}],"author":[{"embeddable":true,"href":"http:\/\/desarrollo.grupomedios.com\/futbol\/wp-json\/wp\/v2\/users\/20"}],"replies":[{"embeddable":true,"href":"http:\/\/desarrollo.grupomedios.com\/futbol\/wp-json\/wp\/v2\/comments?post=479204"}],"version-history":[{"count":1,"href":"http:\/\/desarrollo.grupomedios.com\/futbol\/wp-json\/wp\/v2\/posts\/479204\/revisions"}],"predecessor-version":[{"id":479206,"href":"http:\/\/desarrollo.grupomedios.com\/futbol\/wp-json\/wp\/v2\/posts\/479204\/revisions\/479206"}],"wp:featuredmedia":[{"embeddable":true,"href":"http:\/\/desarrollo.grupomedios.com\/futbol\/wp-json\/wp\/v2\/media\/479205"}],"wp:attachment":[{"href":"http:\/\/desarrollo.grupomedios.com\/futbol\/wp-json\/wp\/v2\/media?parent=479204"}],"wp:term":[{"taxonomy":"category","embeddable":true,"href":"http:\/\/desarrollo.grupomedios.com\/futbol\/wp-json\/wp\/v2\/categories?post=479204"},{"taxonomy":"post_tag","embeddable":true,"href":"http:\/\/desarrollo.grupomedios.com\/futbol\/wp-json\/wp\/v2\/tags?post=479204"}],"curies":[{"name":"wp","href":"https:\/\/api.w.org\/{rel}","templated":true}]}}